{"id":32261,"date":"2022-06-15T17:37:04","date_gmt":"2022-06-15T23:37:04","guid":{"rendered":"https:\/\/informativoelvalledeaguascalientes.online\/?p=32261"},"modified":"2022-06-15T17:37:05","modified_gmt":"2022-06-15T23:37:05","slug":"llama-iea-a-fortalecer-trabajo-en-equipo-por-la-educacion-a-favor-de-ninas-ninos-y-jovenes","status":"publish","type":"post","link":"https:\/\/informativoelvalledeaguascalientes.online\/?p=32261","title":{"rendered":"LLAMA IEA A FORTALECER TRABAJO EN EQUIPO POR LA EDUCACI\u00d3N A FAVOR DE NI\u00d1AS, NI\u00d1OS Y J\u00d3VENES"},"content":{"rendered":"<p align=\"center\">\n<p style=\"text-align: left;\" align=\"center\"><span style=\"font-family: arial, sans-serif;\"><strong>#informativoelvalledeaguascalientes , #novaradioaguascalientes<\/strong>\u00a0<\/span><\/p>\n<p><span style=\"font-family: arial, sans-serif;\">En la recta final de la administraci\u00f3n que encabeza el gobernador Mart\u00edn Orozco Sandoval, el llamado es a seguir trabajando en equipo y cerrar filas por la educaci\u00f3n con base en decisiones certeras y objetivas que marquen la ruta de la agenda educativa para el estado, en beneficio de ni\u00f1as, ni\u00f1os y j\u00f3venes.<\/span><\/p>\n<p><span style=\"font-family: arial, sans-serif;\">As\u00ed lo se\u00f1al\u00f3 Ulises Reyes Esparza, director general del Instituto de Educaci\u00f3n de Aguascalientes (IEA), <\/span>al presidir una reuni\u00f3n con m\u00e1s de 300 directoras de preescolares p\u00fablicos del estado, donde se abordaron de manera objetiva, abierta y transparente, algunos temas relacionados con la organizaci\u00f3n y operatividad en dicho nivel educativo.<\/p>\n<p><span style=\"font-family: arial, sans-serif;\">Ello precis\u00f3, se realiz\u00f3 con la finalidad de ampliar la cobertura y fortalecer la atenci\u00f3n a ni\u00f1as y ni\u00f1os en los planteles de preescolar del estado y as\u00ed mejorar el servicio y el aprendizaje de las alumnas y alumnos.<\/span><\/p>\n<p><span style=\"font-family: arial, sans-serif;\">Reyes Esparza hizo un reconocimiento al trabajo responsable y comprometido que realiza el personal educativo que labora en los diferentes planteles de preescolar en la entidad, el cual contribuye a que todas las ni\u00f1as y ni\u00f1os de Aguascalientes ejerzan su derecho a la educaci\u00f3n.<\/span><\/p>\n<p><span style=\"font-family: arial, sans-serif;\">En dicho encuentro que se llev\u00f3 a cabo en modalidad virtual, tambi\u00e9n participaron\u00a0 Lourdes Carmona Agui\u00f1aga, titular de la Direcci\u00f3n de Educaci\u00f3n B\u00e1sica del IEA y Gabriela Nayeli N\u00e1jera M\u00e1rquez, jefa del departamento de Preescolar de esta dependencia.<\/span><\/p>\n<p><b><span style=\"font-family: arial, sans-serif;\">\u00a0\u00a0\u00a0\u00a0\u00a0\u00a0\u00a0\u00a0\u00a0\u00a0\u00a0\u00a0\u00a0\u00a0\u00a0\u00a0\u00a0\u00a0\u00a0\u00a0\u00a0\u00a0\u00a0\u00a0\u00a0\u00a0\u00a0\u00a0\u00a0\u00a0<wbr \/>\u00a0\u00a0\u00a0\u00a0\u00a0\u00a0\u00a0\u00a0\u00a0\u00a0\u00a0\u00a0\u00a0\u00a0\u00a0\u00a0\u00a0\u00a0\u00a0\u00a0\u00a0\u00a0\u00a0\u00a0\u00a0\u00a0\u00a0\u00a0\u00a0\u00a0<wbr \/>\u00a0<\/span><\/b><\/p>\n","protected":false},"excerpt":{"rendered":"<p>#informativoelvalledeaguascalientes , #novaradioaguascalientes\u00a0 En la recta final de la administraci\u00f3n que encabeza el gobernador Mart\u00edn Orozco Sandoval, el llamado es a seguir trabajando en equipo y cerrar filas por la educaci\u00f3n con base en decisiones certeras y objetivas que marquen la ruta de la agenda educativa para el estado, en beneficio de ni\u00f1as, ni\u00f1os y [&hellip;]<\/p>\n","protected":false},"author":1,"featured_media":32262,"comment_status":"closed","ping_status":"open","sticky":false,"template":"","format":"standard","meta":{"advanced_seo_description":"","jetpack_seo_html_title":"","jetpack_seo_noindex":false,"_jetpack_memberships_contains_paid_content":false,"footnotes":"","jetpack_publicize_message":"","jetpack_publicize_feature_enabled":true,"jetpack_social_post_already_shared":true,"jetpack_social_options":{"image_generator_settings":{"template":"highway","default_image_id":0,"font":"","enabled":false},"version":2}},"categories":[21,4],"tags":[22,39,31],"class_list":["post-32261","post","type-post","status-publish","format-standard","has-post-thumbnail","hentry","category-aguascalientes","category-gobierno-del-estado-aguascalientes","tag-aguascalientes","tag-iea","tag-mos"],"jetpack_publicize_connections":[],"jetpack_featured_media_url":"https:\/\/i0.wp.com\/informativoelvalledeaguascalientes.online\/wp-content\/uploads\/2022\/06\/IMG_0052.jpg?fit=2204%2C1140&ssl=1","jetpack-related-posts":[],"jetpack_sharing_enabled":true,"jetpack_likes_enabled":true,"_links":{"self":[{"href":"https:\/\/informativoelvalledeaguascalientes.online\/index.php?rest_route=\/wp\/v2\/posts\/32261","targetHints":{"allow":["GET"]}}],"collection":[{"href":"https:\/\/informativoelvalledeaguascalientes.online\/index.php?rest_route=\/wp\/v2\/posts"}],"about":[{"href":"https:\/\/informativoelvalledeaguascalientes.online\/index.php?rest_route=\/wp\/v2\/types\/post"}],"author":[{"embeddable":true,"href":"https:\/\/informativoelvalledeaguascalientes.online\/index.php?rest_route=\/wp\/v2\/users\/1"}],"replies":[{"embeddable":true,"href":"https:\/\/informativoelvalledeaguascalientes.online\/index.php?rest_route=%2Fwp%2Fv2%2Fcomments&post=32261"}],"version-history":[{"count":1,"href":"https:\/\/informativoelvalledeaguascalientes.online\/index.php?rest_route=\/wp\/v2\/posts\/32261\/revisions"}],"predecessor-version":[{"id":32264,"href":"https:\/\/informativoelvalledeaguascalientes.online\/index.php?rest_route=\/wp\/v2\/posts\/32261\/revisions\/32264"}],"wp:featuredmedia":[{"embeddable":true,"href":"https:\/\/informativoelvalledeaguascalientes.online\/index.php?rest_route=\/wp\/v2\/media\/32262"}],"wp:attachment":[{"href":"https:\/\/informativoelvalledeaguascalientes.online\/index.php?rest_route=%2Fwp%2Fv2%2Fmedia&parent=32261"}],"wp:term":[{"taxonomy":"category","embeddable":true,"href":"https:\/\/informativoelvalledeaguascalientes.online\/index.php?rest_route=%2Fwp%2Fv2%2Fcategories&post=32261"},{"taxonomy":"post_tag","embeddable":true,"href":"https:\/\/informativoelvalledeaguascalientes.online\/index.php?rest_route=%2Fwp%2Fv2%2Ftags&post=32261"}],"curies":[{"name":"wp","href":"https:\/\/api.w.org\/{rel}","templated":true}]}}