{"id":32256,"date":"2022-06-15T17:36:53","date_gmt":"2022-06-15T23:36:53","guid":{"rendered":"https:\/\/informativoelvalledeaguascalientes.online\/?p=32256"},"modified":"2022-06-15T17:36:53","modified_gmt":"2022-06-15T23:36:53","slug":"personal-del-sector-turistico-fortalecera-la-atencion-a-turistas-y-visitantes-con-perspectiva-de-genero","status":"publish","type":"post","link":"https:\/\/informativoelvalledeaguascalientes.online\/?p=32256","title":{"rendered":"PERSONAL DEL SECTOR TUR\u00cdSTICO FORTALECER\u00c1 LA ATENCI\u00d3N A TURISTAS Y VISITANTES CON PERSPECTIVA DE G\u00c9NERO"},"content":{"rendered":"<p dir=\"ltr\">\n<p><strong>#informativoelvalledeaguascalientes , #novaradioaguascalientes<\/strong><\/p>\n<p dir=\"ltr\">Con la finalidad de que los servidores p\u00fablicos adscritos a la Secretar\u00eda de Turismo (SECTUR) y al Patronato de la Feria Nacional de San Marcos (PFNSM), fortalezcan la atenci\u00f3n a turistas y visitantes que lleguen a la entidad con Perspectiva de G\u00e9nero, el Instituto Aguascalentense de las Mujeres (IAM), capacit\u00f3 a las y los servidores p\u00fablicos de dichas dependencias en tres jornadas de capacitaci\u00f3n de tres horas cada una.<\/p>\n<p>&nbsp;<\/p>\n<p dir=\"ltr\">As\u00ed lo inform\u00f3 la titular del Instituto Aguascalentense de las Mujeres, Edna Garc\u00eda Armer\u00eda, acompa\u00f1ada del Secretario de Turismo, Jos\u00e9 \u00c1ngel Gonz\u00e1lez Serna, al clausurar la \u00faltima sesi\u00f3n de trabajo, destacando lo importante de conocer los diversos tipos de violencia y eviten normalizarlos, conforme lo se\u00f1ala la Ley para la Igualdad entre Mujeres y Hombres del Estado de Aguascalientes.<\/p>\n","protected":false},"excerpt":{"rendered":"<p>#informativoelvalledeaguascalientes , #novaradioaguascalientes Con la finalidad de que los servidores p\u00fablicos adscritos a la Secretar\u00eda de Turismo (SECTUR) y al Patronato de la Feria Nacional de San Marcos (PFNSM), fortalezcan la atenci\u00f3n a turistas y visitantes que lleguen a la entidad con Perspectiva de G\u00e9nero, el Instituto Aguascalentense de las Mujeres (IAM), capacit\u00f3 a las [&hellip;]<\/p>\n","protected":false},"author":1,"featured_media":32260,"comment_status":"closed","ping_status":"open","sticky":false,"template":"","format":"standard","meta":{"advanced_seo_description":"","jetpack_seo_html_title":"","jetpack_seo_noindex":false,"_jetpack_memberships_contains_paid_content":false,"footnotes":"","jetpack_publicize_message":"","jetpack_publicize_feature_enabled":true,"jetpack_social_post_already_shared":true,"jetpack_social_options":{"image_generator_settings":{"template":"highway","default_image_id":0,"font":"","enabled":false},"version":2}},"categories":[21,4],"tags":[22,57],"class_list":["post-32256","post","type-post","status-publish","format-standard","has-post-thumbnail","hentry","category-aguascalientes","category-gobierno-del-estado-aguascalientes","tag-aguascalientes","tag-iam"],"jetpack_publicize_connections":[],"jetpack_featured_media_url":"https:\/\/i0.wp.com\/informativoelvalledeaguascalientes.online\/wp-content\/uploads\/2022\/06\/IAM-3.jpg?fit=1800%2C1434&ssl=1","jetpack-related-posts":[],"jetpack_sharing_enabled":true,"jetpack_likes_enabled":true,"_links":{"self":[{"href":"https:\/\/informativoelvalledeaguascalientes.online\/index.php?rest_route=\/wp\/v2\/posts\/32256","targetHints":{"allow":["GET"]}}],"collection":[{"href":"https:\/\/informativoelvalledeaguascalientes.online\/index.php?rest_route=\/wp\/v2\/posts"}],"about":[{"href":"https:\/\/informativoelvalledeaguascalientes.online\/index.php?rest_route=\/wp\/v2\/types\/post"}],"author":[{"embeddable":true,"href":"https:\/\/informativoelvalledeaguascalientes.online\/index.php?rest_route=\/wp\/v2\/users\/1"}],"replies":[{"embeddable":true,"href":"https:\/\/informativoelvalledeaguascalientes.online\/index.php?rest_route=%2Fwp%2Fv2%2Fcomments&post=32256"}],"version-history":[{"count":1,"href":"https:\/\/informativoelvalledeaguascalientes.online\/index.php?rest_route=\/wp\/v2\/posts\/32256\/revisions"}],"predecessor-version":[{"id":32263,"href":"https:\/\/informativoelvalledeaguascalientes.online\/index.php?rest_route=\/wp\/v2\/posts\/32256\/revisions\/32263"}],"wp:featuredmedia":[{"embeddable":true,"href":"https:\/\/informativoelvalledeaguascalientes.online\/index.php?rest_route=\/wp\/v2\/media\/32260"}],"wp:attachment":[{"href":"https:\/\/informativoelvalledeaguascalientes.online\/index.php?rest_route=%2Fwp%2Fv2%2Fmedia&parent=32256"}],"wp:term":[{"taxonomy":"category","embeddable":true,"href":"https:\/\/informativoelvalledeaguascalientes.online\/index.php?rest_route=%2Fwp%2Fv2%2Fcategories&post=32256"},{"taxonomy":"post_tag","embeddable":true,"href":"https:\/\/informativoelvalledeaguascalientes.online\/index.php?rest_route=%2Fwp%2Fv2%2Ftags&post=32256"}],"curies":[{"name":"wp","href":"https:\/\/api.w.org\/{rel}","templated":true}]}}