{"id":32234,"date":"2022-06-15T17:08:23","date_gmt":"2022-06-15T23:08:23","guid":{"rendered":"https:\/\/informativoelvalledeaguascalientes.online\/?p=32234"},"modified":"2022-06-15T17:08:23","modified_gmt":"2022-06-15T23:08:23","slug":"convoca-iea-a-estudiantes-de-educacion-basica-a-participar-en-feria-de-las-artes","status":"publish","type":"post","link":"https:\/\/informativoelvalledeaguascalientes.online\/?p=32234","title":{"rendered":"CONVOCA IEA A ESTUDIANTES DE EDUCACI\u00d3N B\u00c1SICA A PARTICIPAR EN FERIA DE LAS ARTES"},"content":{"rendered":"<p style=\"text-align: left;\" align=\"center\"><strong>#informativoelvalledeaguascalientes , #novaradioaguascalientes<\/strong><\/p>\n<p><b><i><span style=\"font-family: arial, sans-serif;\">\u00a0<\/span><\/i><\/b><\/p>\n<p role=\"presentation\"><span style=\"font-family: arial, sans-serif;\">\u00b7<b><i>La convocatoria est\u00e1 publicada en<\/i><\/b><b><i><a href=\"http:\/\/www.iea.gob.mx\/\" target=\"_blank\" rel=\"noopener\" data-saferedirecturl=\"https:\/\/www.google.com\/url?q=http:\/\/www.iea.gob.mx&amp;source=gmail&amp;ust=1655420732243000&amp;usg=AOvVaw3pJLOxsE7IkRlgzMfezQIW\"> www.iea.gob.mx<\/a>, el registro permanecer\u00e1 abierto hasta el 17 de junio<\/i><\/b><\/span><\/p>\n<p role=\"presentation\"><span style=\"font-family: arial, sans-serif;\">\u00b7<b><i>Las y los interesados pueden enviar sus trabajos con tem\u00e1tica libre al correo electr\u00f3nico <\/i><\/b><b><i><a href=\"mailto:comite.artes@iea.edu.mx\" target=\"_blank\" rel=\"noopener\">comite.artes@iea.edu.mx<\/a><\/i><\/b><b><i>, tambi\u00e9n deben contestar el siguiente formulario <\/i><\/b><b><i><\/i><\/b><\/span><b><i><a href=\"https:\/\/bit.ly\/3NUlUl1\" target=\"_blank\" rel=\"noopener\" data-saferedirecturl=\"https:\/\/www.google.com\/url?q=https:\/\/bit.ly\/3NUlUl1&amp;source=gmail&amp;ust=1655420732243000&amp;usg=AOvVaw3j2q_14--0tII8c3QxvrxD\">https:\/\/bit.ly\/3NUlUl1<\/a><\/i><\/b><\/p>\n<p role=\"presentation\"><span style=\"font-family: arial, sans-serif;\">\u00b7<b><i>Los mejores trabajos de danza, teatro, m\u00fasica y artes visuales participar\u00e1n en la muestra estatal que se realizar\u00e1 el 11 de julio en el IEA<\/i><\/b><b><i>\u00a0<\/i><\/b><\/span><\/p>\n<p><b><i><span style=\"font-family: arial, sans-serif;\">\u00a0<\/span><\/i><\/b><\/p>\n<p><span style=\"font-family: arial, sans-serif;\">Con la finalidad de continuar la promoci\u00f3n del desarrollo art\u00edstico de ni\u00f1as, ni\u00f1os y adolescentes y dar a conocer las diversas muestras de danza, teatro, m\u00fasica y <\/span>artes visuales que se realizan en las escuelas, el Instituto de Educaci\u00f3n de Aguascalientes (IEA) convoca a alumnas y alumnos de educaci\u00f3n b\u00e1sica a que participen en la <i>Feria de las Artes.<\/i><\/p>\n<p><span style=\"font-family: arial, sans-serif;\">La convocatoria se encuentra publicada en la p\u00e1gina de internet <a href=\"http:\/\/www.iea.gob.mx\/\" target=\"_blank\" rel=\"noopener\" data-saferedirecturl=\"https:\/\/www.google.com\/url?q=http:\/\/www.iea.gob.mx&amp;source=gmail&amp;ust=1655420732243000&amp;usg=AOvVaw3pJLOxsE7IkRlgzMfezQIW\">www.iea.gob.mx<\/a> y est\u00e1 dirigida a estudiantes de escuelas p\u00fablicas y particulares. Las y los interesados pueden enviar sus trabajos con tem\u00e1tica libre al correo electr\u00f3nico <a href=\"mailto:comite.artes@iea.edu.mx\" target=\"_blank\" rel=\"noopener\">comite.artes@iea.edu.mx<\/a>, tambi\u00e9n deben contestar el siguiente formulario <\/span><span style=\"font-family: arial, sans-serif;\"><a href=\"https:\/\/bit.ly\/3NUlUl1\" target=\"_blank\" rel=\"noopener\" data-saferedirecturl=\"https:\/\/www.google.com\/url?q=https:\/\/bit.ly\/3NUlUl1&amp;source=gmail&amp;ust=1655420732243000&amp;usg=AOvVaw3j2q_14--0tII8c3QxvrxD\">https:\/\/bit.ly\/3NUlUl1<\/a><\/span><\/p>\n<p><span style=\"font-family: arial, sans-serif;\">Los trabajos m\u00e1s destacados se expondr\u00e1n en la <i>Feria de las Artes<\/i> que se llevar\u00e1 a cabo el lunes 11 de julio en la explanada del IEA, donde se realizar\u00e1 una muestra estatal de los trabajos y se entregar\u00e1n reconocimientos a las y los participantes.<\/span><\/p>\n<p><span style=\"font-family: arial, sans-serif;\">Para m\u00e1s informaci\u00f3n, las y los interesados pueden consultar la convocatoria publicada en\u00a0el\u00a0sitio web previamente mencionado o\u00a0bien comunicarse a la\u00a0Subdirecci\u00f3n del Sistema de Asesor\u00eda y Acompa\u00f1amiento a la Escuela, tel\u00e9fono 449 910 56 00 extensi\u00f3n 4152 de lunes a viernes en horario de 8:00 a 16:00 horas.<\/span><\/p>\n","protected":false},"excerpt":{"rendered":"<p>#informativoelvalledeaguascalientes , #novaradioaguascalientes \u00a0 \u00b7La convocatoria est\u00e1 publicada en www.iea.gob.mx, el registro permanecer\u00e1 abierto hasta el 17 de junio \u00b7Las y los interesados pueden enviar sus trabajos con tem\u00e1tica libre al correo electr\u00f3nico comite.artes@iea.edu.mx, tambi\u00e9n deben contestar el siguiente formulario https:\/\/bit.ly\/3NUlUl1 \u00b7Los mejores trabajos de danza, teatro, m\u00fasica y artes visuales participar\u00e1n en la muestra [&hellip;]<\/p>\n","protected":false},"author":1,"featured_media":32235,"comment_status":"closed","ping_status":"open","sticky":false,"template":"","format":"standard","meta":{"advanced_seo_description":"","jetpack_seo_html_title":"","jetpack_seo_noindex":false,"_jetpack_memberships_contains_paid_content":false,"footnotes":"","jetpack_publicize_message":"","jetpack_publicize_feature_enabled":true,"jetpack_social_post_already_shared":true,"jetpack_social_options":{"image_generator_settings":{"template":"highway","default_image_id":0,"font":"","enabled":false},"version":2}},"categories":[21,4],"tags":[22,39],"class_list":["post-32234","post","type-post","status-publish","format-standard","has-post-thumbnail","hentry","category-aguascalientes","category-gobierno-del-estado-aguascalientes","tag-aguascalientes","tag-iea"],"jetpack_publicize_connections":[],"jetpack_featured_media_url":"https:\/\/i0.wp.com\/informativoelvalledeaguascalientes.online\/wp-content\/uploads\/2022\/06\/IMG_0099-1.jpeg?fit=1280%2C853&ssl=1","jetpack-related-posts":[],"jetpack_sharing_enabled":true,"jetpack_likes_enabled":true,"_links":{"self":[{"href":"https:\/\/informativoelvalledeaguascalientes.online\/index.php?rest_route=\/wp\/v2\/posts\/32234","targetHints":{"allow":["GET"]}}],"collection":[{"href":"https:\/\/informativoelvalledeaguascalientes.online\/index.php?rest_route=\/wp\/v2\/posts"}],"about":[{"href":"https:\/\/informativoelvalledeaguascalientes.online\/index.php?rest_route=\/wp\/v2\/types\/post"}],"author":[{"embeddable":true,"href":"https:\/\/informativoelvalledeaguascalientes.online\/index.php?rest_route=\/wp\/v2\/users\/1"}],"replies":[{"embeddable":true,"href":"https:\/\/informativoelvalledeaguascalientes.online\/index.php?rest_route=%2Fwp%2Fv2%2Fcomments&post=32234"}],"version-history":[{"count":1,"href":"https:\/\/informativoelvalledeaguascalientes.online\/index.php?rest_route=\/wp\/v2\/posts\/32234\/revisions"}],"predecessor-version":[{"id":32236,"href":"https:\/\/informativoelvalledeaguascalientes.online\/index.php?rest_route=\/wp\/v2\/posts\/32234\/revisions\/32236"}],"wp:featuredmedia":[{"embeddable":true,"href":"https:\/\/informativoelvalledeaguascalientes.online\/index.php?rest_route=\/wp\/v2\/media\/32235"}],"wp:attachment":[{"href":"https:\/\/informativoelvalledeaguascalientes.online\/index.php?rest_route=%2Fwp%2Fv2%2Fmedia&parent=32234"}],"wp:term":[{"taxonomy":"category","embeddable":true,"href":"https:\/\/informativoelvalledeaguascalientes.online\/index.php?rest_route=%2Fwp%2Fv2%2Fcategories&post=32234"},{"taxonomy":"post_tag","embeddable":true,"href":"https:\/\/informativoelvalledeaguascalientes.online\/index.php?rest_route=%2Fwp%2Fv2%2Ftags&post=32234"}],"curies":[{"name":"wp","href":"https:\/\/api.w.org\/{rel}","templated":true}]}}