{"id":32231,"date":"2022-06-15T17:05:27","date_gmt":"2022-06-15T23:05:27","guid":{"rendered":"https:\/\/informativoelvalledeaguascalientes.online\/?p=32231"},"modified":"2022-06-15T17:05:27","modified_gmt":"2022-06-15T23:05:27","slug":"sedeso-presenta-programa-de-la-2da-expo-de-asociaciones-civiles","status":"publish","type":"post","link":"https:\/\/informativoelvalledeaguascalientes.online\/?p=32231","title":{"rendered":"SEDESO PRESENTA PROGRAMA DE LA 2DA. EXPO DE ASOCIACIONES CIVILES"},"content":{"rendered":"<p style=\"font-weight: 400;\"><strong>#informativoelvalledeaguascalientes , #novaradioaguascalientes<\/strong><\/p>\n<p style=\"font-weight: 400;\">\n<p style=\"font-weight: 400;\">El 7 y 8 de julio del 2022 en el Complejo Ferrocarrilero Tres Centurias se llevar\u00e1 a cabo la 2da. edici\u00f3n de la Expo de Asociaciones Civiles \u201cDe La Mano Contigo\u201d, un magno evento que busca difundir la labor altruista y de transformaci\u00f3n social que realizan las organizaciones de la sociedad civil de Aguascalientes.<\/p>\n<p style=\"font-weight: 400;\">\n<p style=\"font-weight: 400;\">Humberto Montero de Alba, secretario de Desarrollo Social, detall\u00f3 que se contar\u00e1 con la participaci\u00f3n de m\u00e1s de 100 asociaciones civiles, as\u00ed como de universidades del estado, donde la apuesta es motivar a la ciudadan\u00eda, principalmente a estudiantes, a conocer de cerca el trabajo del sector no lucrativo en el estado para que se sumen a una causa social, a trav\u00e9s de acciones de voluntariado, servicio social, pr\u00e1ctica profesional o incluso como donantes.<\/p>\n<p style=\"font-weight: 400;\">\n<p style=\"font-weight: 400;\">Asimismo, detall\u00f3 que el programa contempla exposiciones, actividades culturales y recreativas, as\u00ed como canalizaci\u00f3n y servicios que ofrecen las mismas organizaciones. Destacando que adem\u00e1s habr\u00e1 ponentes de talla internacional como Saskia Ni\u00f1o de Rivera, escritora y activista social galardonada en una de las Cumbres del Premio Nobel de la Paz, quien impartir\u00e1 la conferencia magistral \u201cLa Empat\u00eda para Mejorar el Tejido Social de M\u00e9xico\u201d.<\/p>\n<p style=\"font-weight: 400;\">\nFinalmente, Montero de Alba, invit\u00f3 a todas las familias de Aguascalientes a asistir a este evento que busca ser la cuna de nuevos agentes de cambio, mencionando que para mayores detalles pueden comunicarse a la Secretar\u00eda de Desarrollo Social: 910 2121 ext. 4244 y 4245 o ingresar a\u00a0<a href=\"https:\/\/uqr.to\/SegundaExpoAC?fbclid=IwAR0h7erMxVVYOh896TC_UMZJJOvHt_gleAvbqnCsmxIBEKg1P0hb_h7Avlg\" data-saferedirecturl=\"https:\/\/www.google.com\/url?q=https:\/\/uqr.to\/SegundaExpoAC?fbclid%3DIwAR0h7erMxVVYOh896TC_UMZJJOvHt_gleAvbqnCsmxIBEKg1P0hb_h7Avlg&amp;source=gmail&amp;ust=1655420616651000&amp;usg=AOvVaw0euO6nsWWoMY1OPOD0lI0V\">https:\/\/uqr.to\/SegundaExpoAC<\/a>.<\/p>\n","protected":false},"excerpt":{"rendered":"<p>#informativoelvalledeaguascalientes , #novaradioaguascalientes El 7 y 8 de julio del 2022 en el Complejo Ferrocarrilero Tres Centurias se llevar\u00e1 a cabo la 2da. edici\u00f3n de la Expo de Asociaciones Civiles \u201cDe La Mano Contigo\u201d, un magno evento que busca difundir la labor altruista y de transformaci\u00f3n social que realizan las organizaciones de la sociedad civil [&hellip;]<\/p>\n","protected":false},"author":1,"featured_media":32232,"comment_status":"closed","ping_status":"open","sticky":false,"template":"","format":"standard","meta":{"advanced_seo_description":"","jetpack_seo_html_title":"","jetpack_seo_noindex":false,"_jetpack_memberships_contains_paid_content":false,"footnotes":"","jetpack_publicize_message":"","jetpack_publicize_feature_enabled":true,"jetpack_social_post_already_shared":true,"jetpack_social_options":{"image_generator_settings":{"template":"highway","default_image_id":0,"font":"","enabled":false},"version":2}},"categories":[21,4],"tags":[22,24],"class_list":["post-32231","post","type-post","status-publish","format-standard","has-post-thumbnail","hentry","category-aguascalientes","category-gobierno-del-estado-aguascalientes","tag-aguascalientes","tag-sedeso"],"jetpack_publicize_connections":[],"jetpack_featured_media_url":"https:\/\/i0.wp.com\/informativoelvalledeaguascalientes.online\/wp-content\/uploads\/2022\/06\/Expo-A.C.s.jpeg?fit=960%2C540&ssl=1","jetpack-related-posts":[],"jetpack_sharing_enabled":true,"jetpack_likes_enabled":true,"_links":{"self":[{"href":"https:\/\/informativoelvalledeaguascalientes.online\/index.php?rest_route=\/wp\/v2\/posts\/32231","targetHints":{"allow":["GET"]}}],"collection":[{"href":"https:\/\/informativoelvalledeaguascalientes.online\/index.php?rest_route=\/wp\/v2\/posts"}],"about":[{"href":"https:\/\/informativoelvalledeaguascalientes.online\/index.php?rest_route=\/wp\/v2\/types\/post"}],"author":[{"embeddable":true,"href":"https:\/\/informativoelvalledeaguascalientes.online\/index.php?rest_route=\/wp\/v2\/users\/1"}],"replies":[{"embeddable":true,"href":"https:\/\/informativoelvalledeaguascalientes.online\/index.php?rest_route=%2Fwp%2Fv2%2Fcomments&post=32231"}],"version-history":[{"count":1,"href":"https:\/\/informativoelvalledeaguascalientes.online\/index.php?rest_route=\/wp\/v2\/posts\/32231\/revisions"}],"predecessor-version":[{"id":32233,"href":"https:\/\/informativoelvalledeaguascalientes.online\/index.php?rest_route=\/wp\/v2\/posts\/32231\/revisions\/32233"}],"wp:featuredmedia":[{"embeddable":true,"href":"https:\/\/informativoelvalledeaguascalientes.online\/index.php?rest_route=\/wp\/v2\/media\/32232"}],"wp:attachment":[{"href":"https:\/\/informativoelvalledeaguascalientes.online\/index.php?rest_route=%2Fwp%2Fv2%2Fmedia&parent=32231"}],"wp:term":[{"taxonomy":"category","embeddable":true,"href":"https:\/\/informativoelvalledeaguascalientes.online\/index.php?rest_route=%2Fwp%2Fv2%2Fcategories&post=32231"},{"taxonomy":"post_tag","embeddable":true,"href":"https:\/\/informativoelvalledeaguascalientes.online\/index.php?rest_route=%2Fwp%2Fv2%2Ftags&post=32231"}],"curies":[{"name":"wp","href":"https:\/\/api.w.org\/{rel}","templated":true}]}}