{"id":3182,"date":"2020-02-19T17:21:10","date_gmt":"2020-02-19T23:21:10","guid":{"rendered":"https:\/\/informativoelvalledeaguascalientes.online\/?p=3182"},"modified":"2020-02-19T17:21:53","modified_gmt":"2020-02-19T23:21:53","slug":"se-presento-en-merida-la-primera-fecha-de-super-copa-el-mayan-racing-festival","status":"publish","type":"post","link":"https:\/\/informativoelvalledeaguascalientes.online\/?p=3182","title":{"rendered":"SE PRESENTO EN MERIDA LA PRIMERA FECHA DE SUPER COPA, EL MAYAN RACING FESTIVAL"},"content":{"rendered":"<p><span lang=\"ES\">Michel Jourdain present\u00f3 hoy en M\u00e9rida, Yucat\u00e1n, la primera fecha de la S\u00faper Copa 2020 denominada Mayan Racing Festival, que se correr\u00e1 conjuntamente con la NACAM F4 los d\u00edas 29 de febrero y 1 de marzo en el aut\u00f3dromo Emerson Fittipaldi de esta ciudad.<\/span><\/p>\n<p><span lang=\"ES\">\u201cPara nuestro Estado es muy importante contar con eventos de esta naturaleza, teniendo en cuenta la derrama econ\u00f3mica, es por eso que queremos agradecer a la F4 y al aut\u00f3dromo Emerson Fittipaldi, que hayan hecho todo lo posible para la S\u00faper Copa, visita Yucat\u00e1n\u201d, dijo Carlos Xavier Saenz Castillo, Director General del Instituto del Deporte en Yucat\u00e1n (IDEY).<\/span><\/p>\n<p><span lang=\"ES\">Estuvo presenta tambi\u00e9n Patricia Montero, Directora General del Aut\u00f3dromo Internacional de Yucat\u00e1n quien dijo que se colocaran tribunas para m\u00e1s de 10,000 personas y que se cuenta con el apoyo del gobierno del estado en todo los relacionado a la seguridad del evento.<\/span><\/p>\n<p><span lang=\"ES\">Jorge Ruiz, Gerente General de la distribuidora Freightliner, dijo que este tipo de eventos seguramente incentivar\u00e1 la venta de m\u00e1s unidades, mencionado que la marca ya es la n\u00famero 1 en M\u00e9xico.<\/span><\/p>\n<p><span lang=\"ES\">Estuvo presente tambi\u00e9n el Director Regional de Telcel, Gabriel Guti\u00e9rrez Castrej\u00f3n, quien coment\u00f3 que no solamente se destacan en comunicaciones, sino tambi\u00e9n en eventos nacionales e internacionales en los que participan, como el caso del automovilismo.<\/span><\/p>\n<p><span lang=\"ES\">Mauricio Pimentel, Director Operativo de S\u00faper Copa, coment\u00f3 que habran dos carrera de la Copa Mercedes-Benz, ambas con cambio de pilotos, lo cual le otorga a\u00fan m\u00e1s espectacularidad a la categor\u00eda.<\/span><\/p>\n<p><span lang=\"ES\">En lo que se refiere a Michel Jourdain agradeci\u00f3 a las autoridades del Estado de Yucat\u00e1n el inter\u00e9s que existe para traer eventos como la S\u00faper Copa y dijo que el p\u00fablico saldr\u00e1 muy satisfecho del espect\u00e1culo que brindar\u00e1n categor\u00edas como los Tractocamiones Freightliner, la Copa Mercedes-benz y la F4, as\u00ed como el show de Motpaka y el del \u00c1rabe que estar\u00e1 por primera vez en estas tierras con una turbina de 5,000 caballos de fuerza.<\/span><\/p>\n<p><span lang=\"ES\">Se habl\u00f3 tambi\u00e9n de la categor\u00eda local la March en la que participan pilotos de la zona, lo cual tambi\u00e9n es un atractivo para los aficionados locales.<\/span><\/p>\n<p><span lang=\"ES\">El directivo de S\u00faper Copa dijo tambi\u00e9n que M\u00e9rida podr\u00eda iniciar por muchos a\u00f1os m\u00e1s el inicio de la temporada, que en este 2020 contar\u00e1 de 10 fechas, agreg\u00e1ndose precisamente M\u00e9rida y Pachuca.<\/span><\/p>\n<p><span lang=\"ES\">\u00a0<\/span><\/p>\n","protected":false},"excerpt":{"rendered":"<p>Michel Jourdain present\u00f3 hoy en M\u00e9rida, Yucat\u00e1n, la primera fecha de la S\u00faper Copa 2020 denominada Mayan Racing Festival, que se correr\u00e1 conjuntamente con la NACAM F4 los d\u00edas 29 de febrero y 1 de marzo en el aut\u00f3dromo Emerson Fittipaldi de esta ciudad. \u201cPara nuestro Estado es muy importante contar con eventos de esta [&hellip;]<\/p>\n","protected":false},"author":1,"featured_media":3183,"comment_status":"closed","ping_status":"open","sticky":false,"template":"","format":"standard","meta":{"advanced_seo_description":"","jetpack_seo_html_title":"","jetpack_seo_noindex":false,"_jetpack_memberships_contains_paid_content":false,"footnotes":"","jetpack_publicize_message":"","jetpack_publicize_feature_enabled":true,"jetpack_social_post_already_shared":true,"jetpack_social_options":{"image_generator_settings":{"template":"highway","default_image_id":0,"font":"","enabled":false},"version":2}},"categories":[19],"tags":[125],"class_list":["post-3182","post","type-post","status-publish","format-standard","has-post-thumbnail","hentry","category-informacion-general","tag-super-copa"],"jetpack_publicize_connections":[],"jetpack_featured_media_url":"https:\/\/i0.wp.com\/informativoelvalledeaguascalientes.online\/wp-content\/uploads\/2020\/02\/supercopa_19022020.jpg?fit=497%2C280&ssl=1","jetpack-related-posts":[],"jetpack_sharing_enabled":true,"jetpack_likes_enabled":true,"_links":{"self":[{"href":"https:\/\/informativoelvalledeaguascalientes.online\/index.php?rest_route=\/wp\/v2\/posts\/3182","targetHints":{"allow":["GET"]}}],"collection":[{"href":"https:\/\/informativoelvalledeaguascalientes.online\/index.php?rest_route=\/wp\/v2\/posts"}],"about":[{"href":"https:\/\/informativoelvalledeaguascalientes.online\/index.php?rest_route=\/wp\/v2\/types\/post"}],"author":[{"embeddable":true,"href":"https:\/\/informativoelvalledeaguascalientes.online\/index.php?rest_route=\/wp\/v2\/users\/1"}],"replies":[{"embeddable":true,"href":"https:\/\/informativoelvalledeaguascalientes.online\/index.php?rest_route=%2Fwp%2Fv2%2Fcomments&post=3182"}],"version-history":[{"count":1,"href":"https:\/\/informativoelvalledeaguascalientes.online\/index.php?rest_route=\/wp\/v2\/posts\/3182\/revisions"}],"predecessor-version":[{"id":3184,"href":"https:\/\/informativoelvalledeaguascalientes.online\/index.php?rest_route=\/wp\/v2\/posts\/3182\/revisions\/3184"}],"wp:featuredmedia":[{"embeddable":true,"href":"https:\/\/informativoelvalledeaguascalientes.online\/index.php?rest_route=\/wp\/v2\/media\/3183"}],"wp:attachment":[{"href":"https:\/\/informativoelvalledeaguascalientes.online\/index.php?rest_route=%2Fwp%2Fv2%2Fmedia&parent=3182"}],"wp:term":[{"taxonomy":"category","embeddable":true,"href":"https:\/\/informativoelvalledeaguascalientes.online\/index.php?rest_route=%2Fwp%2Fv2%2Fcategories&post=3182"},{"taxonomy":"post_tag","embeddable":true,"href":"https:\/\/informativoelvalledeaguascalientes.online\/index.php?rest_route=%2Fwp%2Fv2%2Ftags&post=3182"}],"curies":[{"name":"wp","href":"https:\/\/api.w.org\/{rel}","templated":true}]}}