{"id":31801,"date":"2022-06-01T19:15:22","date_gmt":"2022-06-02T01:15:22","guid":{"rendered":"https:\/\/informativoelvalledeaguascalientes.online\/?p=31801"},"modified":"2022-06-02T19:21:31","modified_gmt":"2022-06-03T01:21:31","slug":"aguascalientes-participa-en-el-primer-encuentro-de-titulares-de-las-instancias-de-las-mujeres-en-el-pais","status":"publish","type":"post","link":"https:\/\/informativoelvalledeaguascalientes.online\/?p=31801","title":{"rendered":"AGUASCALIENTES PARTICIPA EN EL PRIMER ENCUENTRO DE TITULARES DE LAS INSTANCIAS DE LAS MUJERES EN EL PA\u00cdS\u00a0"},"content":{"rendered":"<p class=\"p1\">#informativoelvalledeaguascalientes #novaradioaguascalientes<\/p>\n<p>&nbsp;<\/p>\n<p dir=\"ltr\">La directora general del Instituto Aguascalentense de las Mujeres (IAM), Edna Garc\u00eda Armer\u00eda, particip\u00f3 en el Primer Encuentro de Titulares de las Instancias de las Mujeres en las Entidades Federativas, que se realiz\u00f3 este 31 de mayo y 1 de junio, en la ciudad de M\u00e9rida, Yucat\u00e1n; en la que se realizaron intercambios de programas y estrategias para el empoderamiento econ\u00f3mico del sector.<\/p>\n<p>&nbsp;<\/p>\n<p dir=\"ltr\">Durante los talleres y conferencias realizadas, la titular exhort\u00f3 a trabajar unidos los tres niveles de gobierno para lograr un M\u00e9xico igualitario y sin violencia hacia las mujeres. Adem\u00e1s\u00a0 se presentaron las directrices que se deben implementar para la prevenci\u00f3n, atenci\u00f3n y sanci\u00f3n del hostigamiento sexual y acoso sexual en las instituciones de educaci\u00f3n superior, as\u00ed como el avance del Sistema Nacional de Cuidados por parte del Sistema Nacional para la Igualdad entre Mujeres y Hombres.<\/p>\n","protected":false},"excerpt":{"rendered":"<p>#informativoelvalledeaguascalientes #novaradioaguascalientes &nbsp; La directora general del Instituto Aguascalentense de las Mujeres (IAM), Edna Garc\u00eda Armer\u00eda, particip\u00f3 en el Primer Encuentro de Titulares de las Instancias de las Mujeres en las Entidades Federativas, que se realiz\u00f3 este 31 de mayo y 1 de junio, en la ciudad de M\u00e9rida, Yucat\u00e1n; en la que se realizaron [&hellip;]<\/p>\n","protected":false},"author":1,"featured_media":31802,"comment_status":"closed","ping_status":"open","sticky":false,"template":"","format":"standard","meta":{"advanced_seo_description":"","jetpack_seo_html_title":"","jetpack_seo_noindex":false,"_jetpack_memberships_contains_paid_content":false,"footnotes":"","jetpack_publicize_message":"","jetpack_publicize_feature_enabled":true,"jetpack_social_post_already_shared":true,"jetpack_social_options":{"image_generator_settings":{"template":"highway","default_image_id":0,"font":"","enabled":false},"version":2}},"categories":[21,4],"tags":[22,57],"class_list":["post-31801","post","type-post","status-publish","format-standard","has-post-thumbnail","hentry","category-aguascalientes","category-gobierno-del-estado-aguascalientes","tag-aguascalientes","tag-iam"],"jetpack_publicize_connections":[],"jetpack_featured_media_url":"https:\/\/i0.wp.com\/informativoelvalledeaguascalientes.online\/wp-content\/uploads\/2022\/06\/iam.jpg?fit=952%2C634&ssl=1","jetpack-related-posts":[],"jetpack_sharing_enabled":true,"jetpack_likes_enabled":true,"_links":{"self":[{"href":"https:\/\/informativoelvalledeaguascalientes.online\/index.php?rest_route=\/wp\/v2\/posts\/31801","targetHints":{"allow":["GET"]}}],"collection":[{"href":"https:\/\/informativoelvalledeaguascalientes.online\/index.php?rest_route=\/wp\/v2\/posts"}],"about":[{"href":"https:\/\/informativoelvalledeaguascalientes.online\/index.php?rest_route=\/wp\/v2\/types\/post"}],"author":[{"embeddable":true,"href":"https:\/\/informativoelvalledeaguascalientes.online\/index.php?rest_route=\/wp\/v2\/users\/1"}],"replies":[{"embeddable":true,"href":"https:\/\/informativoelvalledeaguascalientes.online\/index.php?rest_route=%2Fwp%2Fv2%2Fcomments&post=31801"}],"version-history":[{"count":1,"href":"https:\/\/informativoelvalledeaguascalientes.online\/index.php?rest_route=\/wp\/v2\/posts\/31801\/revisions"}],"predecessor-version":[{"id":31803,"href":"https:\/\/informativoelvalledeaguascalientes.online\/index.php?rest_route=\/wp\/v2\/posts\/31801\/revisions\/31803"}],"wp:featuredmedia":[{"embeddable":true,"href":"https:\/\/informativoelvalledeaguascalientes.online\/index.php?rest_route=\/wp\/v2\/media\/31802"}],"wp:attachment":[{"href":"https:\/\/informativoelvalledeaguascalientes.online\/index.php?rest_route=%2Fwp%2Fv2%2Fmedia&parent=31801"}],"wp:term":[{"taxonomy":"category","embeddable":true,"href":"https:\/\/informativoelvalledeaguascalientes.online\/index.php?rest_route=%2Fwp%2Fv2%2Fcategories&post=31801"},{"taxonomy":"post_tag","embeddable":true,"href":"https:\/\/informativoelvalledeaguascalientes.online\/index.php?rest_route=%2Fwp%2Fv2%2Ftags&post=31801"}],"curies":[{"name":"wp","href":"https:\/\/api.w.org\/{rel}","templated":true}]}}