{"id":31760,"date":"2022-06-01T20:06:26","date_gmt":"2022-06-02T02:06:26","guid":{"rendered":"https:\/\/informativoelvalledeaguascalientes.online\/?p=31760"},"modified":"2022-06-01T20:06:26","modified_gmt":"2022-06-02T02:06:26","slug":"vicente-fox-invita-a-los-y-las-aguascalentenses-a-votar-por-tere-jimenez-y-dice-que-con-ella-no-hay-pierde","status":"publish","type":"post","link":"https:\/\/informativoelvalledeaguascalientes.online\/?p=31760","title":{"rendered":"VICENTE FOX INVITA A LOS Y LAS AGUASCALENTENSES A VOTAR POR TERE JIM\u00c9NEZ, Y DICE QUE &#8220;CON ELLA NO HAY PIERDE"},"content":{"rendered":"<p>#informativoelvalledeaguascalientes , #novaradioaguascalientes<\/p>\n<p style=\"text-align: left;\">El expresidente Vicente Fox Quezada, se suma a la oleada azul que respalda a la abanderada de la coalici\u00f3n Va por Aguascalientes, Tere Jim\u00e9nez, y recomienda a las y los ciudadanos de esta entidad a emitir su voto el pr\u00f3ximo 5 de junio a favor de la candidata, a quien conoce y avala por su gran capacidad para gobernar, por lo que asegur\u00f3 que con ella &#8220;no hay pierde&#8221; confiando plenamente que ella ser\u00e1 la primera gobernadora de Aguascalientes.<\/p>\n","protected":false},"excerpt":{"rendered":"<p>#informativoelvalledeaguascalientes , #novaradioaguascalientes El expresidente Vicente Fox Quezada, se suma a la oleada azul que respalda a la abanderada de la coalici\u00f3n Va por Aguascalientes, Tere Jim\u00e9nez, y recomienda a las y los ciudadanos de esta entidad a emitir su voto el pr\u00f3ximo 5 de junio a favor de la candidata, a quien conoce y [&hellip;]<\/p>\n","protected":false},"author":1,"featured_media":31761,"comment_status":"closed","ping_status":"open","sticky":false,"template":"","format":"standard","meta":{"advanced_seo_description":"","jetpack_seo_html_title":"","jetpack_seo_noindex":false,"_jetpack_memberships_contains_paid_content":false,"footnotes":"","jetpack_publicize_message":"","jetpack_publicize_feature_enabled":true,"jetpack_social_post_already_shared":true,"jetpack_social_options":{"image_generator_settings":{"template":"highway","default_image_id":0,"font":"","enabled":false},"version":2}},"categories":[21,7,6],"tags":[22,23,43,320],"class_list":["post-31760","post","type-post","status-publish","format-standard","has-post-thumbnail","hentry","category-aguascalientes","category-pan-aguascalientes","category-partidos-politicos","tag-aguascalientes","tag-pan-aguascalientes","tag-pan-aguascalientes-cde","tag-tere-jimenez"],"jetpack_publicize_connections":[],"jetpack_featured_media_url":"https:\/\/i0.wp.com\/informativoelvalledeaguascalientes.online\/wp-content\/uploads\/2022\/06\/IMG_20220601_21050445.jpg?fit=640%2C352&ssl=1","jetpack-related-posts":[],"jetpack_sharing_enabled":true,"jetpack_likes_enabled":true,"_links":{"self":[{"href":"https:\/\/informativoelvalledeaguascalientes.online\/index.php?rest_route=\/wp\/v2\/posts\/31760","targetHints":{"allow":["GET"]}}],"collection":[{"href":"https:\/\/informativoelvalledeaguascalientes.online\/index.php?rest_route=\/wp\/v2\/posts"}],"about":[{"href":"https:\/\/informativoelvalledeaguascalientes.online\/index.php?rest_route=\/wp\/v2\/types\/post"}],"author":[{"embeddable":true,"href":"https:\/\/informativoelvalledeaguascalientes.online\/index.php?rest_route=\/wp\/v2\/users\/1"}],"replies":[{"embeddable":true,"href":"https:\/\/informativoelvalledeaguascalientes.online\/index.php?rest_route=%2Fwp%2Fv2%2Fcomments&post=31760"}],"version-history":[{"count":1,"href":"https:\/\/informativoelvalledeaguascalientes.online\/index.php?rest_route=\/wp\/v2\/posts\/31760\/revisions"}],"predecessor-version":[{"id":31762,"href":"https:\/\/informativoelvalledeaguascalientes.online\/index.php?rest_route=\/wp\/v2\/posts\/31760\/revisions\/31762"}],"wp:featuredmedia":[{"embeddable":true,"href":"https:\/\/informativoelvalledeaguascalientes.online\/index.php?rest_route=\/wp\/v2\/media\/31761"}],"wp:attachment":[{"href":"https:\/\/informativoelvalledeaguascalientes.online\/index.php?rest_route=%2Fwp%2Fv2%2Fmedia&parent=31760"}],"wp:term":[{"taxonomy":"category","embeddable":true,"href":"https:\/\/informativoelvalledeaguascalientes.online\/index.php?rest_route=%2Fwp%2Fv2%2Fcategories&post=31760"},{"taxonomy":"post_tag","embeddable":true,"href":"https:\/\/informativoelvalledeaguascalientes.online\/index.php?rest_route=%2Fwp%2Fv2%2Ftags&post=31760"}],"curies":[{"name":"wp","href":"https:\/\/api.w.org\/{rel}","templated":true}]}}