{"id":31757,"date":"2022-05-31T22:44:35","date_gmt":"2022-06-01T04:44:35","guid":{"rendered":"https:\/\/informativoelvalledeaguascalientes.online\/?p=31757"},"modified":"2022-05-31T22:44:35","modified_gmt":"2022-06-01T04:44:35","slug":"con-tu-voto-vamos-a-blindar-a-aguascalientes-tere-jimenez","status":"publish","type":"post","link":"https:\/\/informativoelvalledeaguascalientes.online\/?p=31757","title":{"rendered":"CON TU VOTO VAMOS A BLINDAR A AGUASCALIENTES: TERE JIM\u00c9NEZ"},"content":{"rendered":"<p>#informativoelvalledeaguascalientes #novaradioaguascalientes<\/p>\n<p>&nbsp;<\/p>\n<p>La candidata de la coalici\u00f3n &#8220;Va Por Aguascalientes&#8221;, Tere Jim\u00e9nez, visit\u00f3 a vecinos del oriente de la capital. Les hizo un llamado a blindar las elecciones del pr\u00f3ximo 5 de junio.<\/p>\n<p>\u201cNecesito que me ayuden a blindar la elecci\u00f3n, porque este 5 de junio&#8230; \u00a1ya ganamos! El d\u00eda de la elecci\u00f3n es muy importante.&#8221;<\/p>\n<p>Tere Jim\u00e9nez agradeci\u00f3 a las familias de este lugar y se\u00f1al\u00f3 que su gesti\u00f3n estar\u00e1 siempre cercana a la gente y permanecer\u00e1 al pendiente de la ciudadan\u00eda de Aguascalientes, de los ni\u00f1os y ni\u00f1as de todo el estado.<\/p>\n<p>Tere Jim\u00e9nez los inst\u00f3 a votar este pr\u00f3ximo domingo, para blindar a Aguascalientes y ser ejemplo de civilidad en esta fiesta democr\u00e1tica en la que nuestra entidad estar\u00e1 a la vista de todo el pa\u00eds, pues es un momento hist\u00f3rico. Les hizo saber que cada voto es importante y muy valioso, por ello, les dijo, este 5 de junio todos tenemos una cita con el futuro de nuestro estado.<\/p>\n<p>\u201cEste 5 de junio es un voto por la seguridad, por la educaci\u00f3n de sus hijos. Les propongo sacar adelante a sus familias&#8230; Este 5 de junio es un voto por la salud, por todos los hombres y mujeres que a diario impulsan al estado para ser un lugar mejor&#8230; Este 5 de junio tenemos una cita para construir un mejor Aguascalientes, el que todos queremos&#8221;, finaliz\u00f3.<\/p>\n","protected":false},"excerpt":{"rendered":"<p>#informativoelvalledeaguascalientes #novaradioaguascalientes &nbsp; La candidata de la coalici\u00f3n &#8220;Va Por Aguascalientes&#8221;, Tere Jim\u00e9nez, visit\u00f3 a vecinos del oriente de la capital. Les hizo un llamado a blindar las elecciones del pr\u00f3ximo 5 de junio. \u201cNecesito que me ayuden a blindar la elecci\u00f3n, porque este 5 de junio&#8230; \u00a1ya ganamos! El d\u00eda de la elecci\u00f3n es [&hellip;]<\/p>\n","protected":false},"author":1,"featured_media":31758,"comment_status":"closed","ping_status":"open","sticky":false,"template":"","format":"standard","meta":{"advanced_seo_description":"","jetpack_seo_html_title":"","jetpack_seo_noindex":false,"_jetpack_memberships_contains_paid_content":false,"footnotes":"","jetpack_publicize_message":"","jetpack_publicize_feature_enabled":true,"jetpack_social_post_already_shared":true,"jetpack_social_options":{"image_generator_settings":{"template":"highway","default_image_id":0,"font":"","enabled":false},"version":2}},"categories":[21,19,7],"tags":[22,232,23,320],"class_list":["post-31757","post","type-post","status-publish","format-standard","has-post-thumbnail","hentry","category-aguascalientes","category-informacion-general","category-pan-aguascalientes","tag-aguascalientes","tag-informacion-general","tag-pan-aguascalientes","tag-tere-jimenez"],"jetpack_publicize_connections":[],"jetpack_featured_media_url":"https:\/\/i0.wp.com\/informativoelvalledeaguascalientes.online\/wp-content\/uploads\/2022\/05\/b4603dbb-8fa8-4d06-82dd-e947f92ecc21.jpg?fit=1600%2C1066&ssl=1","jetpack-related-posts":[],"jetpack_sharing_enabled":true,"jetpack_likes_enabled":true,"_links":{"self":[{"href":"https:\/\/informativoelvalledeaguascalientes.online\/index.php?rest_route=\/wp\/v2\/posts\/31757","targetHints":{"allow":["GET"]}}],"collection":[{"href":"https:\/\/informativoelvalledeaguascalientes.online\/index.php?rest_route=\/wp\/v2\/posts"}],"about":[{"href":"https:\/\/informativoelvalledeaguascalientes.online\/index.php?rest_route=\/wp\/v2\/types\/post"}],"author":[{"embeddable":true,"href":"https:\/\/informativoelvalledeaguascalientes.online\/index.php?rest_route=\/wp\/v2\/users\/1"}],"replies":[{"embeddable":true,"href":"https:\/\/informativoelvalledeaguascalientes.online\/index.php?rest_route=%2Fwp%2Fv2%2Fcomments&post=31757"}],"version-history":[{"count":1,"href":"https:\/\/informativoelvalledeaguascalientes.online\/index.php?rest_route=\/wp\/v2\/posts\/31757\/revisions"}],"predecessor-version":[{"id":31759,"href":"https:\/\/informativoelvalledeaguascalientes.online\/index.php?rest_route=\/wp\/v2\/posts\/31757\/revisions\/31759"}],"wp:featuredmedia":[{"embeddable":true,"href":"https:\/\/informativoelvalledeaguascalientes.online\/index.php?rest_route=\/wp\/v2\/media\/31758"}],"wp:attachment":[{"href":"https:\/\/informativoelvalledeaguascalientes.online\/index.php?rest_route=%2Fwp%2Fv2%2Fmedia&parent=31757"}],"wp:term":[{"taxonomy":"category","embeddable":true,"href":"https:\/\/informativoelvalledeaguascalientes.online\/index.php?rest_route=%2Fwp%2Fv2%2Fcategories&post=31757"},{"taxonomy":"post_tag","embeddable":true,"href":"https:\/\/informativoelvalledeaguascalientes.online\/index.php?rest_route=%2Fwp%2Fv2%2Ftags&post=31757"}],"curies":[{"name":"wp","href":"https:\/\/api.w.org\/{rel}","templated":true}]}}