{"id":31754,"date":"2022-05-31T22:40:38","date_gmt":"2022-06-01T04:40:38","guid":{"rendered":"https:\/\/informativoelvalledeaguascalientes.online\/?p=31754"},"modified":"2022-05-31T22:40:38","modified_gmt":"2022-06-01T04:40:38","slug":"este-5-de-junio-hagamos-un-voto-por-la-seguridad-de-aguascalientes-tere-jimenez","status":"publish","type":"post","link":"https:\/\/informativoelvalledeaguascalientes.online\/?p=31754","title":{"rendered":"\u201cESTE 5 DE JUNIO, HAGAMOS UN VOTO POR LA SEGURIDAD DE AGUASCALIENTES\u201d: TERE JIM\u00c9NEZ"},"content":{"rendered":"<p>#informativoelvalledeaguascalientes #novaradioaguascalientes<\/p>\n<p>&nbsp;<\/p>\n<p>\u2022 Se instalar\u00e1n arcos de seguridad fijos y m\u00f3viles, adem\u00e1s de otras tecnolog\u00edas que permitan fortalecer la vigilancia local<\/p>\n<p>\u2022 Se realizar\u00e1 la prevenci\u00f3n del delito a trav\u00e9s de programas que fortalezcan el tejido social y brindando mejores oportunidades para la poblaci\u00f3n de Aguascalientes<\/p>\n<p>\u2022 Tere Jim\u00e9nez reiter\u00f3 su compromiso por blindar la seguridad local<\/p>\n<p>Tere Jim\u00e9nez, candidata a la gubernatura de la coalici\u00f3n \u201cVa Por Aguascalientes\u201d, reiter\u00f3 su compromiso para blindar la seguridad del estado. Se\u00f1al\u00f3 que la entidad ha permanecido aislada de sucesos que afectan a otros estados vecinos, en buena medida por la operaci\u00f3n de las Puertas de Control de Acceso, localizadas en los puntos de ingreso carretero.<\/p>\n<p>Sin embargo, se\u00f1al\u00f3 que no se debe bajar la guardia, mucho menos hablando de mantener la seguridad para las familias de Aguascalientes. Es por ello que durante su gesti\u00f3n se tomar\u00e1n otras medidas que permitan fortalecer este rubro, pues, con ello, se protege tambi\u00e9n la econom\u00eda local, que depende de la certidumbre que los inversionistas perciban.<\/p>\n<p>Se\u00f1al\u00f3 que a las puertas de acceso se sumar\u00e1 la instalaci\u00f3n de arcos de seguridad fijos y m\u00f3viles, entre otras tecnolog\u00edas para la vigilancia del territorio estatal.<\/p>\n<p>Asimismo, se trabajar\u00e1 en el fortalecimiento del tejido social, brindando oportunidades de esparcimiento para ni\u00f1os y ni\u00f1as y trabajando desde el n\u00facleo de las familias, promoviendo mejores oportunidades para la poblaci\u00f3n de Aguascalientes y arropando a quienes m\u00e1s lo necesitan, pues con ello se genera un sentido de pertenencia en favor de la sociedad.<\/p>\n<p>La candidata insisti\u00f3 en que con educaci\u00f3n, cultura y deporte se pueden prevenir otras problem\u00e1ticas sociales. Y a\u00f1adi\u00f3 que, para mantener la seguridad en el estado, es importante la participaci\u00f3n de todos y todas, pues con cada decisi\u00f3n se puede construir un mejor presente y proyectar con ello un mejor futuro.<\/p>\n<p>Hizo un llamado a la poblaci\u00f3n a votar este 5 de junio y a formar parte de quienes, con paz y civilidad, participar\u00e1n en la construcci\u00f3n de un mejor Aguascalientes.<\/p>\n","protected":false},"excerpt":{"rendered":"<p>#informativoelvalledeaguascalientes #novaradioaguascalientes &nbsp; \u2022 Se instalar\u00e1n arcos de seguridad fijos y m\u00f3viles, adem\u00e1s de otras tecnolog\u00edas que permitan fortalecer la vigilancia local \u2022 Se realizar\u00e1 la prevenci\u00f3n del delito a trav\u00e9s de programas que fortalezcan el tejido social y brindando mejores oportunidades para la poblaci\u00f3n de Aguascalientes \u2022 Tere Jim\u00e9nez reiter\u00f3 su compromiso por blindar [&hellip;]<\/p>\n","protected":false},"author":1,"featured_media":31755,"comment_status":"closed","ping_status":"open","sticky":false,"template":"","format":"standard","meta":{"advanced_seo_description":"","jetpack_seo_html_title":"","jetpack_seo_noindex":false,"_jetpack_memberships_contains_paid_content":false,"footnotes":"","jetpack_publicize_message":"","jetpack_publicize_feature_enabled":true,"jetpack_social_post_already_shared":true,"jetpack_social_options":{"image_generator_settings":{"template":"highway","default_image_id":0,"font":"","enabled":false},"version":2}},"categories":[21,19,7],"tags":[22,23,320],"class_list":["post-31754","post","type-post","status-publish","format-standard","has-post-thumbnail","hentry","category-aguascalientes","category-informacion-general","category-pan-aguascalientes","tag-aguascalientes","tag-pan-aguascalientes","tag-tere-jimenez"],"jetpack_publicize_connections":[],"jetpack_featured_media_url":"https:\/\/i0.wp.com\/informativoelvalledeaguascalientes.online\/wp-content\/uploads\/2022\/05\/4eb245f6-68eb-4aeb-a0bc-631a29fdc92c.jpg?fit=1600%2C1066&ssl=1","jetpack-related-posts":[],"jetpack_sharing_enabled":true,"jetpack_likes_enabled":true,"_links":{"self":[{"href":"https:\/\/informativoelvalledeaguascalientes.online\/index.php?rest_route=\/wp\/v2\/posts\/31754","targetHints":{"allow":["GET"]}}],"collection":[{"href":"https:\/\/informativoelvalledeaguascalientes.online\/index.php?rest_route=\/wp\/v2\/posts"}],"about":[{"href":"https:\/\/informativoelvalledeaguascalientes.online\/index.php?rest_route=\/wp\/v2\/types\/post"}],"author":[{"embeddable":true,"href":"https:\/\/informativoelvalledeaguascalientes.online\/index.php?rest_route=\/wp\/v2\/users\/1"}],"replies":[{"embeddable":true,"href":"https:\/\/informativoelvalledeaguascalientes.online\/index.php?rest_route=%2Fwp%2Fv2%2Fcomments&post=31754"}],"version-history":[{"count":1,"href":"https:\/\/informativoelvalledeaguascalientes.online\/index.php?rest_route=\/wp\/v2\/posts\/31754\/revisions"}],"predecessor-version":[{"id":31756,"href":"https:\/\/informativoelvalledeaguascalientes.online\/index.php?rest_route=\/wp\/v2\/posts\/31754\/revisions\/31756"}],"wp:featuredmedia":[{"embeddable":true,"href":"https:\/\/informativoelvalledeaguascalientes.online\/index.php?rest_route=\/wp\/v2\/media\/31755"}],"wp:attachment":[{"href":"https:\/\/informativoelvalledeaguascalientes.online\/index.php?rest_route=%2Fwp%2Fv2%2Fmedia&parent=31754"}],"wp:term":[{"taxonomy":"category","embeddable":true,"href":"https:\/\/informativoelvalledeaguascalientes.online\/index.php?rest_route=%2Fwp%2Fv2%2Fcategories&post=31754"},{"taxonomy":"post_tag","embeddable":true,"href":"https:\/\/informativoelvalledeaguascalientes.online\/index.php?rest_route=%2Fwp%2Fv2%2Ftags&post=31754"}],"curies":[{"name":"wp","href":"https:\/\/api.w.org\/{rel}","templated":true}]}}