{"id":31736,"date":"2022-05-31T21:33:02","date_gmt":"2022-06-01T03:33:02","guid":{"rendered":"https:\/\/informativoelvalledeaguascalientes.online\/?p=31736"},"modified":"2022-05-31T21:33:02","modified_gmt":"2022-06-01T03:33:02","slug":"unidad-de-derechos-humanos-de-municipio-ags-sigue-trabajando-con-universidades","status":"publish","type":"post","link":"https:\/\/informativoelvalledeaguascalientes.online\/?p=31736","title":{"rendered":"UNIDAD DE DERECHOS HUMANOS DE MUNICIPIO AGS. SIGUE TRABAJANDO CON UNIVERSIDADES"},"content":{"rendered":"<p>#informativoelvalledeaguascalientes #novaradioaguascalientes<\/p>\n<p>&nbsp;<\/p>\n<ul>\n<li><strong>A trav\u00e9s del programa \u201cUniversidades Aliadas a los Derechos Humanos\u00bb se imparten tem\u00e1ticas para el fortalecimiento de la inclusi\u00f3n, el respeto y libre desarrollo<\/strong><\/li>\n<\/ul>\n<p>La Unidad de Derechos Humanos del Municipio de Aguascalientes contin\u00faa trabajando con el programa \u201cUniversidades Aliadas a los Derechos Humanos\u201d a trav\u00e9s del cual se refuerza el v\u00ednculo con esta comunidad acad\u00e9mica y se fortalece la cultura de los derechos humanos.<\/p>\n<p>A lo largo de este mes se desarrollaron una variedad de actividades y conferencias que promueven los derechos humanos entre el alumnado, en donde el Tecnol\u00f3gico Universitario de Aguascalientes (TUA) fue sede para impartir el tema \u201cQu\u00e9 es la diversidad sexual\u201d, el cual busca crear un v\u00ednculo de\u00a0 mayor respeto entre los alumnos y expresar su sexualidad libremente.<\/p>\n<p>A su vez se realiz\u00f3 el primer festival \u201cV\u00cdA\u201d en conjunto con la Universidad de las Artes llevando a cabo el taller de lectura \u201cLibros Libres de Estigmas y Discriminaci\u00f3n\u201d, dirigido a alumnos del Centro de Estudios de Bachillerato Ezequiel A. Ch\u00e1vez, enfocado a motivar a los j\u00f3venes a expandir su panorama cultural, y por su parte la Universidad de Estudios Avanzados (UNEA) capacit\u00f3 al personal administrativo en \u201cDiscriminaci\u00f3n y Diversidad\u201d con el objetivo de promover un lenguaje inclusivo y fortalecer el libre desarrollo.<\/p>\n<p>Los directivos de las universidades interesadas en formar parte de este programa pueden acudir al M\u00f3dulo 51 del Centro de Atenci\u00f3n Municipal (CAM), ubicado en Av. Adolfo L\u00f3pez Mateos Pte. 214, Zona Centro, de lunes a viernes de 9:00 a 15:00 horas.<\/p>\n","protected":false},"excerpt":{"rendered":"<p>#informativoelvalledeaguascalientes #novaradioaguascalientes &nbsp; A trav\u00e9s del programa \u201cUniversidades Aliadas a los Derechos Humanos\u00bb se imparten tem\u00e1ticas para el fortalecimiento de la inclusi\u00f3n, el respeto y libre desarrollo La Unidad de Derechos Humanos del Municipio de Aguascalientes contin\u00faa trabajando con el programa \u201cUniversidades Aliadas a los Derechos Humanos\u201d a trav\u00e9s del cual se refuerza el v\u00ednculo [&hellip;]<\/p>\n","protected":false},"author":1,"featured_media":31737,"comment_status":"closed","ping_status":"open","sticky":false,"template":"","format":"standard","meta":{"advanced_seo_description":"","jetpack_seo_html_title":"","jetpack_seo_noindex":false,"_jetpack_memberships_contains_paid_content":false,"footnotes":"","jetpack_publicize_message":"","jetpack_publicize_feature_enabled":true,"jetpack_social_post_already_shared":true,"jetpack_social_options":{"image_generator_settings":{"template":"highway","default_image_id":0,"font":"","enabled":false},"version":2}},"categories":[21,3],"tags":[22,25,558],"class_list":["post-31736","post","type-post","status-publish","format-standard","has-post-thumbnail","hentry","category-aguascalientes","category-municipio-aguascalientes","tag-aguascalientes","tag-mpio-aguascalientes","tag-unidad-de-derechos-humanos-del-municipio-de-aguascalientes"],"jetpack_publicize_connections":[],"jetpack_featured_media_url":"https:\/\/i0.wp.com\/informativoelvalledeaguascalientes.online\/wp-content\/uploads\/2022\/05\/mpio_der_hum.jpg?fit=2560%2C1708&ssl=1","jetpack-related-posts":[],"jetpack_sharing_enabled":true,"jetpack_likes_enabled":true,"_links":{"self":[{"href":"https:\/\/informativoelvalledeaguascalientes.online\/index.php?rest_route=\/wp\/v2\/posts\/31736","targetHints":{"allow":["GET"]}}],"collection":[{"href":"https:\/\/informativoelvalledeaguascalientes.online\/index.php?rest_route=\/wp\/v2\/posts"}],"about":[{"href":"https:\/\/informativoelvalledeaguascalientes.online\/index.php?rest_route=\/wp\/v2\/types\/post"}],"author":[{"embeddable":true,"href":"https:\/\/informativoelvalledeaguascalientes.online\/index.php?rest_route=\/wp\/v2\/users\/1"}],"replies":[{"embeddable":true,"href":"https:\/\/informativoelvalledeaguascalientes.online\/index.php?rest_route=%2Fwp%2Fv2%2Fcomments&post=31736"}],"version-history":[{"count":1,"href":"https:\/\/informativoelvalledeaguascalientes.online\/index.php?rest_route=\/wp\/v2\/posts\/31736\/revisions"}],"predecessor-version":[{"id":31738,"href":"https:\/\/informativoelvalledeaguascalientes.online\/index.php?rest_route=\/wp\/v2\/posts\/31736\/revisions\/31738"}],"wp:featuredmedia":[{"embeddable":true,"href":"https:\/\/informativoelvalledeaguascalientes.online\/index.php?rest_route=\/wp\/v2\/media\/31737"}],"wp:attachment":[{"href":"https:\/\/informativoelvalledeaguascalientes.online\/index.php?rest_route=%2Fwp%2Fv2%2Fmedia&parent=31736"}],"wp:term":[{"taxonomy":"category","embeddable":true,"href":"https:\/\/informativoelvalledeaguascalientes.online\/index.php?rest_route=%2Fwp%2Fv2%2Fcategories&post=31736"},{"taxonomy":"post_tag","embeddable":true,"href":"https:\/\/informativoelvalledeaguascalientes.online\/index.php?rest_route=%2Fwp%2Fv2%2Ftags&post=31736"}],"curies":[{"name":"wp","href":"https:\/\/api.w.org\/{rel}","templated":true}]}}