{"id":31712,"date":"2022-05-31T20:33:02","date_gmt":"2022-06-01T02:33:02","guid":{"rendered":"https:\/\/informativoelvalledeaguascalientes.online\/?p=31712"},"modified":"2022-05-31T20:33:02","modified_gmt":"2022-06-01T02:33:02","slug":"libramiento-carretero-poniente-es-la-obra-mas-emblematica-de-esta-administracion-roberto-diaz-ruiz","status":"publish","type":"post","link":"https:\/\/informativoelvalledeaguascalientes.online\/?p=31712","title":{"rendered":"LIBRAMIENTO CARRETERO PONIENTE ES LA OBRA M\u00c1S EMBLEM\u00c1TICA DE ESTA ADMINISTRACI\u00d3N: ROBERTO D\u00cdAZ RUIZ"},"content":{"rendered":"<p>#informativoelvalledeaguascalientes #novaradioaguascalientes<\/p>\n<p dir=\"ltr\">\n<ul>\n<li dir=\"ltr\">\n<p dir=\"ltr\" role=\"presentation\">El presidente de la CANACAR en Aguascalientes, Roberto D\u00edaz Ruiz, reconoci\u00f3 las bondades que brinda el Libramiento Carretero a los transportistas de carga pesada<\/p>\n<\/li>\n<li dir=\"ltr\">\n<p dir=\"ltr\" role=\"presentation\">Adem\u00e1s, agradeci\u00f3 y reconoci\u00f3 el trabajo del gobernador Mart\u00edn Orozco por impulsar y consolidar este proyecto despu\u00e9s de 25 a\u00f1os<\/p>\n<\/li>\n<\/ul>\n<p>&nbsp;<\/p>\n<p dir=\"ltr\">La obra m\u00e1s emblem\u00e1tica de esta administraci\u00f3n es sin duda, la conclusi\u00f3n del Libramiento Carretero, asegur\u00f3 el presidente estatal de la C\u00e1mara Nacional de Autotransporte de Carga (CANACAR), Roberto D\u00edaz Ruiz, quien augur\u00f3 un gran \u00e9xito a esta nueva vialidad que ser\u00e1 utilizada por transportistas de carga pesada y por conductores de veh\u00edculos ligeros.<\/p>\n<p>&nbsp;<\/p>\n<p dir=\"ltr\">A pocos d\u00edas de su apertura, D\u00edaz Ruiz se\u00f1al\u00f3 que ya son tangibles los beneficios de contar con este tramo carretero que hab\u00eda sido un sue\u00f1o por m\u00e1s de 25 a\u00f1os y que el d\u00eda de hoy es una realidad gracias al impulso y trabajo que realiz\u00f3 el Gobierno Estatal y los constructores encargados del Libramiento.<\/p>\n<p>&nbsp;<\/p>\n<p dir=\"ltr\">El dirigente destac\u00f3 que en este proyecto bondadoso y autofinanciable, el transporte carretero y las empresas han observado que transitar por dicha v\u00eda les ayuda a reducir el tiempo de tr\u00e1nsito por el estado, aminorar el desgaste de cruzar por la mancha urbana y una mayor seguridad para el transportista.<\/p>\n<p>&nbsp;<\/p>\n<p dir=\"ltr\">Adem\u00e1s mencion\u00f3 que a pesar de tener un costo, si la empresa trabaja desde la formalidad como transporte carga federal se les acredita el 50% del peaje, lo que resulta m\u00e1s rentable.<\/p>\n<p>&nbsp;<\/p>\n<p dir=\"ltr\">Resalt\u00f3 que el Libramiento Carretero tambi\u00e9n conviene a los ciudadanos en general que pasan por la entidad, pues al no ingresar a la Zona Metropolitana evitar\u00e1n congestionamiento en las avenidas, aunado a una reducci\u00f3n en accidentes viales y de tiempo.<\/p>\n","protected":false},"excerpt":{"rendered":"<p>#informativoelvalledeaguascalientes #novaradioaguascalientes El presidente de la CANACAR en Aguascalientes, Roberto D\u00edaz Ruiz, reconoci\u00f3 las bondades que brinda el Libramiento Carretero a los transportistas de carga pesada Adem\u00e1s, agradeci\u00f3 y reconoci\u00f3 el trabajo del gobernador Mart\u00edn Orozco por impulsar y consolidar este proyecto despu\u00e9s de 25 a\u00f1os &nbsp; La obra m\u00e1s emblem\u00e1tica de esta administraci\u00f3n es [&hellip;]<\/p>\n","protected":false},"author":1,"featured_media":31713,"comment_status":"closed","ping_status":"open","sticky":false,"template":"","format":"standard","meta":{"advanced_seo_description":"","jetpack_seo_html_title":"","jetpack_seo_noindex":false,"_jetpack_memberships_contains_paid_content":false,"footnotes":"","jetpack_publicize_message":"","jetpack_publicize_feature_enabled":true,"jetpack_social_post_already_shared":true,"jetpack_social_options":{"image_generator_settings":{"template":"highway","default_image_id":0,"font":"","enabled":false},"version":2}},"categories":[21,4],"tags":[22,503,31],"class_list":["post-31712","post","type-post","status-publish","format-standard","has-post-thumbnail","hentry","category-aguascalientes","category-gobierno-del-estado-aguascalientes","tag-aguascalientes","tag-canacar","tag-mos"],"jetpack_publicize_connections":[],"jetpack_featured_media_url":"https:\/\/i0.wp.com\/informativoelvalledeaguascalientes.online\/wp-content\/uploads\/2022\/05\/cancar.jpg?fit=800%2C625&ssl=1","jetpack-related-posts":[],"jetpack_sharing_enabled":true,"jetpack_likes_enabled":true,"_links":{"self":[{"href":"https:\/\/informativoelvalledeaguascalientes.online\/index.php?rest_route=\/wp\/v2\/posts\/31712","targetHints":{"allow":["GET"]}}],"collection":[{"href":"https:\/\/informativoelvalledeaguascalientes.online\/index.php?rest_route=\/wp\/v2\/posts"}],"about":[{"href":"https:\/\/informativoelvalledeaguascalientes.online\/index.php?rest_route=\/wp\/v2\/types\/post"}],"author":[{"embeddable":true,"href":"https:\/\/informativoelvalledeaguascalientes.online\/index.php?rest_route=\/wp\/v2\/users\/1"}],"replies":[{"embeddable":true,"href":"https:\/\/informativoelvalledeaguascalientes.online\/index.php?rest_route=%2Fwp%2Fv2%2Fcomments&post=31712"}],"version-history":[{"count":1,"href":"https:\/\/informativoelvalledeaguascalientes.online\/index.php?rest_route=\/wp\/v2\/posts\/31712\/revisions"}],"predecessor-version":[{"id":31714,"href":"https:\/\/informativoelvalledeaguascalientes.online\/index.php?rest_route=\/wp\/v2\/posts\/31712\/revisions\/31714"}],"wp:featuredmedia":[{"embeddable":true,"href":"https:\/\/informativoelvalledeaguascalientes.online\/index.php?rest_route=\/wp\/v2\/media\/31713"}],"wp:attachment":[{"href":"https:\/\/informativoelvalledeaguascalientes.online\/index.php?rest_route=%2Fwp%2Fv2%2Fmedia&parent=31712"}],"wp:term":[{"taxonomy":"category","embeddable":true,"href":"https:\/\/informativoelvalledeaguascalientes.online\/index.php?rest_route=%2Fwp%2Fv2%2Fcategories&post=31712"},{"taxonomy":"post_tag","embeddable":true,"href":"https:\/\/informativoelvalledeaguascalientes.online\/index.php?rest_route=%2Fwp%2Fv2%2Ftags&post=31712"}],"curies":[{"name":"wp","href":"https:\/\/api.w.org\/{rel}","templated":true}]}}