{"id":31709,"date":"2022-05-30T23:53:55","date_gmt":"2022-05-31T05:53:55","guid":{"rendered":"https:\/\/informativoelvalledeaguascalientes.online\/?p=31709"},"modified":"2022-05-30T23:53:55","modified_gmt":"2022-05-31T05:53:55","slug":"este-5-de-junio-vamos-a-ganar-tere-jimenez","status":"publish","type":"post","link":"https:\/\/informativoelvalledeaguascalientes.online\/?p=31709","title":{"rendered":"\u201c\u00a1ESTE 5 DE JUNIO VAMOS A GANAR!\u201d: TERE JIM\u00c9NEZ"},"content":{"rendered":"<p class=\"p1\"><b>#informativoelvalledeaguascalientes<span class=\"Apple-converted-space\">\u00a0 <\/span>#novaradioaguascalientes<\/b><\/p>\n<p>Tere Jim\u00e9nez, candidata de la coalici\u00f3n \u201cVa Por Aguascalientes\u201d, visit\u00f3 el oriente de la capital. Frente a un p\u00fablico abundante, que estaba muy alegre de su presencia, la aspirante a la gubernatura agradeci\u00f3 a las familias que han apoyado su proyecto desde los primeros a\u00f1os en que comenz\u00f3 su carrera en el servicio p\u00fablico. Destac\u00f3 que son, precisamente, las familias las que con todo su cari\u00f1o la impulsan a seguir adelante.<\/p>\n<p>La candidata les hizo saber que no se olvida de esta zona de Aguascalientes, que representa una gran parte de la poblaci\u00f3n de la capital, y que la ha respaldado desde sus inicios, por eso dijo:<\/p>\n<p>\u201cSacaremos a sus hijos adelante con educaci\u00f3n y becas para todos los niveles. A las mujeres les daremos herramientas y apoyos econ\u00f3micos para que puedan emprender sus negocios desde sus hogares. Adem\u00e1s, regresaremos la operaci\u00f3n de las guarder\u00edas en apoyo a las madres trabajadoras. No nos olvidamos de los abuelitos\u2026 para ellos tendremos tambi\u00e9n apoyos que les permitan mejorar su calidad de vida.\u201d<\/p>\n<p>Tere Jim\u00e9nez hizo un llamado a cerrar filas este pr\u00f3ximo domingo 5 de junio y a mantener un ambiente de paz que fomente la participaci\u00f3n de la ciudadan\u00eda en esta elecci\u00f3n hist\u00f3rica.<\/p>\n<p>\u201cTenemos que cuidar las casillas. Cerremos filas el pr\u00f3ximo domingo. Yo los invito a que Aguascalientes est\u00e9 unido, a que nuestra sociedad est\u00e9 en paz, a que estemos tranquilos\u201d, dijo la candidata para concluir.<\/p>\n","protected":false},"excerpt":{"rendered":"<p>#informativoelvalledeaguascalientes\u00a0 #novaradioaguascalientes Tere Jim\u00e9nez, candidata de la coalici\u00f3n \u201cVa Por Aguascalientes\u201d, visit\u00f3 el oriente de la capital. Frente a un p\u00fablico abundante, que estaba muy alegre de su presencia, la aspirante a la gubernatura agradeci\u00f3 a las familias que han apoyado su proyecto desde los primeros a\u00f1os en que comenz\u00f3 su carrera en el servicio [&hellip;]<\/p>\n","protected":false},"author":1,"featured_media":31710,"comment_status":"closed","ping_status":"open","sticky":false,"template":"","format":"standard","meta":{"advanced_seo_description":"","jetpack_seo_html_title":"","jetpack_seo_noindex":false,"_jetpack_memberships_contains_paid_content":false,"footnotes":"","jetpack_publicize_message":"","jetpack_publicize_feature_enabled":true,"jetpack_social_post_already_shared":true,"jetpack_social_options":{"image_generator_settings":{"template":"highway","default_image_id":0,"font":"","enabled":false},"version":2}},"categories":[21,19,7],"tags":[22,232,23,43],"class_list":["post-31709","post","type-post","status-publish","format-standard","has-post-thumbnail","hentry","category-aguascalientes","category-informacion-general","category-pan-aguascalientes","tag-aguascalientes","tag-informacion-general","tag-pan-aguascalientes","tag-pan-aguascalientes-cde"],"jetpack_publicize_connections":[],"jetpack_featured_media_url":"https:\/\/i0.wp.com\/informativoelvalledeaguascalientes.online\/wp-content\/uploads\/2022\/05\/21d8eb6f-c320-43e6-9f3d-7c449eff91bc.jpg?fit=1600%2C1066&ssl=1","jetpack-related-posts":[],"jetpack_sharing_enabled":true,"jetpack_likes_enabled":true,"_links":{"self":[{"href":"https:\/\/informativoelvalledeaguascalientes.online\/index.php?rest_route=\/wp\/v2\/posts\/31709","targetHints":{"allow":["GET"]}}],"collection":[{"href":"https:\/\/informativoelvalledeaguascalientes.online\/index.php?rest_route=\/wp\/v2\/posts"}],"about":[{"href":"https:\/\/informativoelvalledeaguascalientes.online\/index.php?rest_route=\/wp\/v2\/types\/post"}],"author":[{"embeddable":true,"href":"https:\/\/informativoelvalledeaguascalientes.online\/index.php?rest_route=\/wp\/v2\/users\/1"}],"replies":[{"embeddable":true,"href":"https:\/\/informativoelvalledeaguascalientes.online\/index.php?rest_route=%2Fwp%2Fv2%2Fcomments&post=31709"}],"version-history":[{"count":1,"href":"https:\/\/informativoelvalledeaguascalientes.online\/index.php?rest_route=\/wp\/v2\/posts\/31709\/revisions"}],"predecessor-version":[{"id":31711,"href":"https:\/\/informativoelvalledeaguascalientes.online\/index.php?rest_route=\/wp\/v2\/posts\/31709\/revisions\/31711"}],"wp:featuredmedia":[{"embeddable":true,"href":"https:\/\/informativoelvalledeaguascalientes.online\/index.php?rest_route=\/wp\/v2\/media\/31710"}],"wp:attachment":[{"href":"https:\/\/informativoelvalledeaguascalientes.online\/index.php?rest_route=%2Fwp%2Fv2%2Fmedia&parent=31709"}],"wp:term":[{"taxonomy":"category","embeddable":true,"href":"https:\/\/informativoelvalledeaguascalientes.online\/index.php?rest_route=%2Fwp%2Fv2%2Fcategories&post=31709"},{"taxonomy":"post_tag","embeddable":true,"href":"https:\/\/informativoelvalledeaguascalientes.online\/index.php?rest_route=%2Fwp%2Fv2%2Ftags&post=31709"}],"curies":[{"name":"wp","href":"https:\/\/api.w.org\/{rel}","templated":true}]}}