{"id":31667,"date":"2022-05-30T22:45:00","date_gmt":"2022-05-31T04:45:00","guid":{"rendered":"https:\/\/informativoelvalledeaguascalientes.online\/?p=31667"},"modified":"2022-05-30T22:45:00","modified_gmt":"2022-05-31T04:45:00","slug":"no-bajaremos-la-guardia-blindaremos-el-estado-tere-jimenez","status":"publish","type":"post","link":"https:\/\/informativoelvalledeaguascalientes.online\/?p=31667","title":{"rendered":"\u201cNO BAJAREMOS LA GUARDIA. BLINDAREMOS EL ESTADO\u201d: TERE JIM\u00c9NEZ"},"content":{"rendered":"<p class=\"p1\"><b>#informativoelvalledeaguascalientes<span class=\"Apple-converted-space\">\u00a0 <\/span>#novaradioaguascalientes<\/b><\/p>\n<p>&nbsp;<\/p>\n<p>\u2022 La candidata firm\u00f3 la Alianza por la Seguridad<\/p>\n<p>\u2022 Reconoci\u00f3 la labor de quienes todos los d\u00edas trabajan por mantener la paz y la tranquilidad en Aguascalientes<\/p>\n<p>\u2022 Se comprometi\u00f3 a profesionalizar los cuerpos de seguridad y brindarles herramientas que permitan mejorar sus labores y su desarrollo como personas<\/p>\n<p>\u201cHoy es un d\u00eda muy especial, es uno de los m\u00e1s importantes en mi campa\u00f1a. Quiero agradecer a los hombres y mujeres que con su valent\u00eda y profesionalismo han mantenido a Aguascalientes como uno de los estados m\u00e1s seguros del pa\u00eds\u201d, dijo Tere Jim\u00e9nez ante cientos de polic\u00edas estatales y municipales que se reunieron este d\u00eda en que la candidata firm\u00f3 la Alianza por la Seguridad.<\/p>\n<p>\u201cDesde que iniciamos nuestra campa\u00f1a, dejamos en claro que la gente de Aguascalientes quer\u00eda seguridad, paz y justicia. Por eso estoy aqu\u00ed, para establecer con ustedes y con toda la ciudadan\u00eda de Aguascalientes el compromiso de garantizar la paz y la tranquilidad que tanto queremos en esta tierra de la gente buena\u201d, se\u00f1al\u00f3.<\/p>\n<p>La candidata de la coalici\u00f3n \u201cVa Por Aguascalientes\u201d reconoci\u00f3 a los hombres y mujeres que se desempe\u00f1an todos los d\u00edas por mantener la seguridad en el estado:<\/p>\n<p>\u201cQuiero destacar tres grandes cualidades que los caracteriza: talento, para enfrentar los retos y dificultades; valent\u00eda, para desafiar el peligro, aun cuando est\u00e9 de por medio su vida; y pasi\u00f3n, que demuestra el gran amor que tienen por lo que hacen. Mi admiraci\u00f3n y agradecimiento a cada uno de ustedes.\u201d<\/p>\n<p>Se\u00f1al\u00f3 que desde su gesti\u00f3n se tendr\u00e1 un fuerte compromiso con los cuerpos de seguridad y se consolidar\u00e1 un modelo integral de justicia que dentro de un marco de legalidad y gobernabilidad permita fortalecer y profesionalizar a la polic\u00eda y a las instituciones de justicia y las involucradas en la prevenci\u00f3n social, violencia, delincuencia y adicciones.<\/p>\n<p>Para ello, dijo, se trabajar\u00e1 en profesionalizar y dignificar la labor de los elementos, brind\u00e1ndoles herramientas necesarias para que puedan realizar de una mejor manera sus labores.<\/p>\n<p>En este sentido, anunci\u00f3 la conformaci\u00f3n de la primera guarder\u00eda con servicio las 24 horas los 365 d\u00edas del a\u00f1o para hijos de polic\u00edas. Se\u00f1al\u00f3 que habr\u00e1 becas de todos los niveles, para hijos e hijas de los elementos, que les permitan desarrollar sus estudios en las mejores instituciones del estado.<\/p>\n<p>\u201cNadie se sacrifica m\u00e1s, para que vivamos tranquilos, que los extraordinarios hombres y mujeres que visten uniforme, por lo que vamos a mejorar y homologar los montos de seguros de vida de todos los elementos policiales y de protecci\u00f3n ciudadana del estado\u2026 todos contar\u00e1n con el seguro de accidentes.\u201d<\/p>\n<p>Se\u00f1al\u00f3 que su administraci\u00f3n otorgar\u00e1 d\u00edas francos por horas extra de trabajo y promover\u00e1 retiros dignos para los elementos que dedican toda su vida al salvaguardar la de los y las aguascalentenses. Las familias de polic\u00edas ca\u00eddos en el cumplimiento de su deber tendr\u00e1n todo su respaldo.<\/p>\n<p>Los elementos contar\u00e1n con la Universidad de la Polic\u00eda, donde se ofrecer\u00e1n licenciaturas, posgrados y diplomados y la posibilidad de que realicen intercambios acad\u00e9micos en otros pa\u00edses, como parte del programa de profesionalizaci\u00f3n policial. Adicionalmente, se pondr\u00e1 en marcha el programa de atenci\u00f3n y desarrollo humano con el que los y las uniformadas recibir\u00e1n atenci\u00f3n f\u00edsica, psicol\u00f3gica y tambi\u00e9n oportunidades de esparcimiento.<\/p>\n<p>Tere Jim\u00e9nez se\u00f1al\u00f3 que cada mes y anualmente se otorgar\u00e1n reconocimientos a los uniformados, como un aliciente por su buen desempe\u00f1o. Contar\u00e1n tambi\u00e9n con la tarjeta azul de descuentos v\u00e1lida en tiendas departamentales y que permitir\u00e1 que accedan a precios preferenciales.<\/p>\n<p>La candidata, finalmente, hizo un llamado a las y los uniformados a trabajar con lealtad, perseverancia y compromiso por el Aguascalientes seguro que todos queremos.<\/p>\n","protected":false},"excerpt":{"rendered":"<p>#informativoelvalledeaguascalientes\u00a0 #novaradioaguascalientes &nbsp; \u2022 La candidata firm\u00f3 la Alianza por la Seguridad \u2022 Reconoci\u00f3 la labor de quienes todos los d\u00edas trabajan por mantener la paz y la tranquilidad en Aguascalientes \u2022 Se comprometi\u00f3 a profesionalizar los cuerpos de seguridad y brindarles herramientas que permitan mejorar sus labores y su desarrollo como personas \u201cHoy es [&hellip;]<\/p>\n","protected":false},"author":1,"featured_media":31668,"comment_status":"closed","ping_status":"open","sticky":false,"template":"","format":"standard","meta":{"advanced_seo_description":"","jetpack_seo_html_title":"","jetpack_seo_noindex":false,"_jetpack_memberships_contains_paid_content":false,"footnotes":"","jetpack_publicize_message":"","jetpack_publicize_feature_enabled":true,"jetpack_social_post_already_shared":true,"jetpack_social_options":{"image_generator_settings":{"template":"highway","default_image_id":0,"font":"","enabled":false},"version":2}},"categories":[21,19,7],"tags":[22,232,23,320],"class_list":["post-31667","post","type-post","status-publish","format-standard","has-post-thumbnail","hentry","category-aguascalientes","category-informacion-general","category-pan-aguascalientes","tag-aguascalientes","tag-informacion-general","tag-pan-aguascalientes","tag-tere-jimenez"],"jetpack_publicize_connections":[],"jetpack_featured_media_url":"https:\/\/i0.wp.com\/informativoelvalledeaguascalientes.online\/wp-content\/uploads\/2022\/05\/7d65f586-1fc5-4397-91d0-8fd8d1ceeb5e.jpg?fit=1600%2C900&ssl=1","jetpack-related-posts":[],"jetpack_sharing_enabled":true,"jetpack_likes_enabled":true,"_links":{"self":[{"href":"https:\/\/informativoelvalledeaguascalientes.online\/index.php?rest_route=\/wp\/v2\/posts\/31667","targetHints":{"allow":["GET"]}}],"collection":[{"href":"https:\/\/informativoelvalledeaguascalientes.online\/index.php?rest_route=\/wp\/v2\/posts"}],"about":[{"href":"https:\/\/informativoelvalledeaguascalientes.online\/index.php?rest_route=\/wp\/v2\/types\/post"}],"author":[{"embeddable":true,"href":"https:\/\/informativoelvalledeaguascalientes.online\/index.php?rest_route=\/wp\/v2\/users\/1"}],"replies":[{"embeddable":true,"href":"https:\/\/informativoelvalledeaguascalientes.online\/index.php?rest_route=%2Fwp%2Fv2%2Fcomments&post=31667"}],"version-history":[{"count":1,"href":"https:\/\/informativoelvalledeaguascalientes.online\/index.php?rest_route=\/wp\/v2\/posts\/31667\/revisions"}],"predecessor-version":[{"id":31669,"href":"https:\/\/informativoelvalledeaguascalientes.online\/index.php?rest_route=\/wp\/v2\/posts\/31667\/revisions\/31669"}],"wp:featuredmedia":[{"embeddable":true,"href":"https:\/\/informativoelvalledeaguascalientes.online\/index.php?rest_route=\/wp\/v2\/media\/31668"}],"wp:attachment":[{"href":"https:\/\/informativoelvalledeaguascalientes.online\/index.php?rest_route=%2Fwp%2Fv2%2Fmedia&parent=31667"}],"wp:term":[{"taxonomy":"category","embeddable":true,"href":"https:\/\/informativoelvalledeaguascalientes.online\/index.php?rest_route=%2Fwp%2Fv2%2Fcategories&post=31667"},{"taxonomy":"post_tag","embeddable":true,"href":"https:\/\/informativoelvalledeaguascalientes.online\/index.php?rest_route=%2Fwp%2Fv2%2Ftags&post=31667"}],"curies":[{"name":"wp","href":"https:\/\/api.w.org\/{rel}","templated":true}]}}