{"id":31652,"date":"2022-05-30T22:02:42","date_gmt":"2022-05-31T04:02:42","guid":{"rendered":"https:\/\/informativoelvalledeaguascalientes.online\/?p=31652"},"modified":"2022-05-30T22:02:42","modified_gmt":"2022-05-31T04:02:42","slug":"sofocado-el-incendio-forestal-en-la-sierra-del-laurel-en-aguascalientes","status":"publish","type":"post","link":"https:\/\/informativoelvalledeaguascalientes.online\/?p=31652","title":{"rendered":"SOFOCADO EL INCENDIO FORESTAL EN LA SIERRA DEL LAUREL EN AGUASCALIENTES"},"content":{"rendered":"<p class=\"p1\"><b>#informativoelvalledeaguascalientes<span class=\"Apple-converted-space\">\u00a0 <\/span>#novaradioaguascalientes<\/b><\/p>\n<p style=\"font-weight: 400;\">\n<p style=\"font-weight: 400;\"><strong>\u00a0<\/strong><\/p>\n<ul>\n<li style=\"font-weight: 400;\"><strong><em>El secretario general de Gobierno reconoci\u00f3 la labor de los 123 elementos de diferentes corporaciones que por ocho d\u00edas trabaj\u00f3 por extinguirlo<\/em><\/strong><\/li>\n<li style=\"font-weight: 400;\"><strong><em>El incendio suscitado en los l\u00edmites de Aguascalientes y Jalisco, dej\u00f3 un saldo de mil 135 hect\u00e1reas siniestradas, 240 de ellas fue en territorio estatal<\/em><\/strong><\/li>\n<\/ul>\n<p style=\"font-weight: 400;\"><strong><em>\u00a0<\/em><\/strong><\/p>\n<p style=\"font-weight: 400;\">Luego de ocho d\u00edas de trabajo de 123 elementos de diferentes corporaciones de los tres \u00f3rdenes de gobierno, brigadistas y voluntarios para extinguir el incendio forestal interestatal suscitado en los l\u00edmites de Aguascalientes con Jalisco, el secretario general de Gobierno, Juan Manuel Flores Femat, hizo un reconocimiento a su labor, tras quedar sofocado el siniestro.<\/p>\n<p style=\"font-weight: 400;\">\n<p style=\"font-weight: 400;\">El coordinador estatal de Protecci\u00f3n Civil, H\u00e9ctor Reyes Hern\u00e1ndez, inform\u00f3 que el saldo que dej\u00f3 el incendio es de mil 135 hect\u00e1reas siniestradas, 240 de ellas corresponden a territorio estatal, principalmente bosque de encino, tipo de vegetaci\u00f3n predominante en la Sierra del Laurel.<\/p>\n<p style=\"font-weight: 400;\">\n<p style=\"font-weight: 400;\">De esta forma, la fuerza de mando coordinada por Protecci\u00f3n Civil Estatal y la Comisi\u00f3n Nacional Forestal (Conafor), que sum\u00f3 123 combatientes del fuego, realiz\u00f3 por ocho d\u00edas labores para el control, contenci\u00f3n y liquidaci\u00f3n del incendio, que por la particularidad de la topograf\u00eda de la Sierra del Laurel, requiri\u00f3 de mayor trabajo.<\/p>\n<p style=\"font-weight: 400;\">\n<p style=\"font-weight: 400;\">Adem\u00e1s de Protecci\u00f3n Civil Estatal y Conafor, las corporaciones que participaron en el combate a este incendio fueron la Secretar\u00eda de la Defensa Nacional, Proespa, Secretar\u00eda de Seguridad P\u00fablica del Estado (SSPE), Comisi\u00f3n Nacional de \u00c1reas Protegidas, Protecci\u00f3n Civil y Bomberos de Calvillo, Protecci\u00f3n Civil de Pabell\u00f3n de Arteaga, ISSEA, junto con voluntarios y brigadistas de diferentes municipios.<\/p>\n<p style=\"font-weight: 400;\">\n<p style=\"font-weight: 400;\">Como parte del equipo para realizar las labores de control y liquidaci\u00f3n, se cont\u00f3 con 22 veh\u00edculos automotores, entre ellos un carro motobomba y una cuatrimoto, adem\u00e1s de la participaci\u00f3n del helic\u00f3ptero \u00c1guila 1 de la SSPE.<\/p>\n<p style=\"font-weight: 400;\">\n<p style=\"font-weight: 400;\">Finalmente, Reyes Hern\u00e1ndez reiter\u00f3 el llamado a la poblaci\u00f3n en general a que se abstenga de realizar quemas de pastizales, encender fogatas y evitar arrojar colillas encendidas de cigarro u objetos de vidrio en lugares con vegetaci\u00f3n que puedan ser causante de un incendio, pues representa un da\u00f1o para las \u00e1reas naturales que fungen como pulmones en el estado, la calidad del aire, adem\u00e1s de poner en peligro la integridad f\u00edsica de las personas.<\/p>\n","protected":false},"excerpt":{"rendered":"<p>#informativoelvalledeaguascalientes\u00a0 #novaradioaguascalientes \u00a0 El secretario general de Gobierno reconoci\u00f3 la labor de los 123 elementos de diferentes corporaciones que por ocho d\u00edas trabaj\u00f3 por extinguirlo El incendio suscitado en los l\u00edmites de Aguascalientes y Jalisco, dej\u00f3 un saldo de mil 135 hect\u00e1reas siniestradas, 240 de ellas fue en territorio estatal \u00a0 Luego de ocho d\u00edas [&hellip;]<\/p>\n","protected":false},"author":1,"featured_media":31653,"comment_status":"closed","ping_status":"open","sticky":false,"template":"","format":"standard","meta":{"advanced_seo_description":"","jetpack_seo_html_title":"","jetpack_seo_noindex":false,"_jetpack_memberships_contains_paid_content":false,"footnotes":"","jetpack_publicize_message":"","jetpack_publicize_feature_enabled":true,"jetpack_social_post_already_shared":true,"jetpack_social_options":{"image_generator_settings":{"template":"highway","default_image_id":0,"font":"","enabled":false},"version":2}},"categories":[21,4],"tags":[22,51],"class_list":["post-31652","post","type-post","status-publish","format-standard","has-post-thumbnail","hentry","category-aguascalientes","category-gobierno-del-estado-aguascalientes","tag-aguascalientes","tag-seggob"],"jetpack_publicize_connections":[],"jetpack_featured_media_url":"https:\/\/i0.wp.com\/informativoelvalledeaguascalientes.online\/wp-content\/uploads\/2022\/05\/SEGGOB_29052022.jpg?fit=865%2C577&ssl=1","jetpack-related-posts":[],"jetpack_sharing_enabled":true,"jetpack_likes_enabled":true,"_links":{"self":[{"href":"https:\/\/informativoelvalledeaguascalientes.online\/index.php?rest_route=\/wp\/v2\/posts\/31652","targetHints":{"allow":["GET"]}}],"collection":[{"href":"https:\/\/informativoelvalledeaguascalientes.online\/index.php?rest_route=\/wp\/v2\/posts"}],"about":[{"href":"https:\/\/informativoelvalledeaguascalientes.online\/index.php?rest_route=\/wp\/v2\/types\/post"}],"author":[{"embeddable":true,"href":"https:\/\/informativoelvalledeaguascalientes.online\/index.php?rest_route=\/wp\/v2\/users\/1"}],"replies":[{"embeddable":true,"href":"https:\/\/informativoelvalledeaguascalientes.online\/index.php?rest_route=%2Fwp%2Fv2%2Fcomments&post=31652"}],"version-history":[{"count":1,"href":"https:\/\/informativoelvalledeaguascalientes.online\/index.php?rest_route=\/wp\/v2\/posts\/31652\/revisions"}],"predecessor-version":[{"id":31654,"href":"https:\/\/informativoelvalledeaguascalientes.online\/index.php?rest_route=\/wp\/v2\/posts\/31652\/revisions\/31654"}],"wp:featuredmedia":[{"embeddable":true,"href":"https:\/\/informativoelvalledeaguascalientes.online\/index.php?rest_route=\/wp\/v2\/media\/31653"}],"wp:attachment":[{"href":"https:\/\/informativoelvalledeaguascalientes.online\/index.php?rest_route=%2Fwp%2Fv2%2Fmedia&parent=31652"}],"wp:term":[{"taxonomy":"category","embeddable":true,"href":"https:\/\/informativoelvalledeaguascalientes.online\/index.php?rest_route=%2Fwp%2Fv2%2Fcategories&post=31652"},{"taxonomy":"post_tag","embeddable":true,"href":"https:\/\/informativoelvalledeaguascalientes.online\/index.php?rest_route=%2Fwp%2Fv2%2Ftags&post=31652"}],"curies":[{"name":"wp","href":"https:\/\/api.w.org\/{rel}","templated":true}]}}