{"id":31625,"date":"2022-05-30T21:21:44","date_gmt":"2022-05-31T03:21:44","guid":{"rendered":"https:\/\/informativoelvalledeaguascalientes.online\/?p=31625"},"modified":"2022-05-30T21:21:44","modified_gmt":"2022-05-31T03:21:44","slug":"dif-municipal-supervisa-funcionamiento-de-comedores-escolares-y-comunitarios-de-aguascalientes","status":"publish","type":"post","link":"https:\/\/informativoelvalledeaguascalientes.online\/?p=31625","title":{"rendered":"DIF MUNICIPAL SUPERVISA FUNCIONAMIENTO DE COMEDORES ESCOLARES Y COMUNITARIOS DE AGUASCALIENTES"},"content":{"rendered":"<p class=\"p1\"><b>#informativoelvalledeaguascalientes\u00a0 #novaradioaguascalientes<\/b><\/p>\n<div class=\"opinion-section opinion-single-cover opinion-indent opinion-overlay\">\n<div class=\"container\">\n<div class=\"section-head row justify-content-center text-center\">\n<div class=\"col-12 col-md-8\"><\/div>\n<\/div>\n<\/div>\n<\/div>\n<div class=\"opinion-section\">\n<div class=\"container\">\n<div class=\"section-content row justify-content-center\">\n<div class=\"col-12 col-lg-8 opinion-order-1\">\n<article class=\"opinion-post opinion-single post-45101 post type-post status-publish format-standard has-post-thumbnail hentry category-dif-municipal tag-comedores-comunitarios tag-programas-alimenticios tag-supervision-de-comedores\">\n<div class=\"entry-content\">\n<div class=\"meks_ess layout-1-1 rectangle no-labels solid\"><\/div>\n<ul>\n<li><strong>Municipio de Aguascalientes contin\u00faa trabajando en programas alimenticios a favor de personas en situaci\u00f3n vulnerable<\/strong><\/li>\n<\/ul>\n<p>Como parte de las acciones de cuidado a la salud alimenticia de la ciudadan\u00eda, el DIF Municipal efectu\u00f3 un recorrido de supervisi\u00f3n por comedores escolares y comunitarios, a trav\u00e9s de los cuales ni\u00f1as, ni\u00f1os y adultos en situaci\u00f3n vulnerable pueden llevar una dieta balanceada.<\/p>\n<p>En esta gira de trabajo se visitaron los comedores de escuelas primarias como: Vicente Guerrero, de la comunidad Los Ca\u00f1os y Adolfo L\u00f3pez Mateos\u00a0 en\u00a0 Coyotes, en la zona rural; adem\u00e1s de comedores comunitarios como: Plenitud 24 Horas A.C., Mujeres por la Libertad y Parroquia Nuestra Se\u00f1ora de Lourdes.<\/p>\n<p>La Coordinaci\u00f3n de Comedores del DIF mantiene un compromiso con la alimentaci\u00f3n sana, para lo cual constantemente capacita en materia de nutrici\u00f3n y manejo de la comida al personal encargado de cocinar.<\/p>\n<p>La cuota en los comedores escolares es de solo 10 pesos, mientras que en los comunitarios el servicio es gratuito. Las personas interesadas en acceder a este programa alimenticio pueden acudir a la Coordinaci\u00f3n de Comedores del DIF Municipal en Av. Universidad #612 colonia Primo Verdad, o bien comunicarse a los tel\u00e9fonos. 449-912-77-19, 20 y 21.<\/p>\n<\/div>\n<\/article>\n<\/div>\n<\/div>\n<\/div>\n<\/div>\n","protected":false},"excerpt":{"rendered":"<p>#informativoelvalledeaguascalientes\u00a0 #novaradioaguascalientes Municipio de Aguascalientes contin\u00faa trabajando en programas alimenticios a favor de personas en situaci\u00f3n vulnerable Como parte de las acciones de cuidado a la salud alimenticia de la ciudadan\u00eda, el DIF Municipal efectu\u00f3 un recorrido de supervisi\u00f3n por comedores escolares y comunitarios, a trav\u00e9s de los cuales ni\u00f1as, ni\u00f1os y adultos en situaci\u00f3n [&hellip;]<\/p>\n","protected":false},"author":1,"featured_media":31626,"comment_status":"closed","ping_status":"open","sticky":false,"template":"","format":"standard","meta":{"advanced_seo_description":"","jetpack_seo_html_title":"","jetpack_seo_noindex":false,"_jetpack_memberships_contains_paid_content":false,"footnotes":"","jetpack_publicize_message":"","jetpack_publicize_feature_enabled":true,"jetpack_social_post_already_shared":true,"jetpack_social_options":{"image_generator_settings":{"template":"highway","default_image_id":0,"font":"","enabled":false},"version":2}},"categories":[21,3],"tags":[22,156,25],"class_list":["post-31625","post","type-post","status-publish","format-standard","has-post-thumbnail","hentry","category-aguascalientes","category-municipio-aguascalientes","tag-aguascalientes","tag-dif-mpal-aguascalientes","tag-mpio-aguascalientes"],"jetpack_publicize_connections":[],"jetpack_featured_media_url":"https:\/\/i0.wp.com\/informativoelvalledeaguascalientes.online\/wp-content\/uploads\/2022\/05\/DIF-MPAL-27052022.jpeg?fit=2560%2C1703&ssl=1","jetpack-related-posts":[],"jetpack_sharing_enabled":true,"jetpack_likes_enabled":true,"_links":{"self":[{"href":"https:\/\/informativoelvalledeaguascalientes.online\/index.php?rest_route=\/wp\/v2\/posts\/31625","targetHints":{"allow":["GET"]}}],"collection":[{"href":"https:\/\/informativoelvalledeaguascalientes.online\/index.php?rest_route=\/wp\/v2\/posts"}],"about":[{"href":"https:\/\/informativoelvalledeaguascalientes.online\/index.php?rest_route=\/wp\/v2\/types\/post"}],"author":[{"embeddable":true,"href":"https:\/\/informativoelvalledeaguascalientes.online\/index.php?rest_route=\/wp\/v2\/users\/1"}],"replies":[{"embeddable":true,"href":"https:\/\/informativoelvalledeaguascalientes.online\/index.php?rest_route=%2Fwp%2Fv2%2Fcomments&post=31625"}],"version-history":[{"count":1,"href":"https:\/\/informativoelvalledeaguascalientes.online\/index.php?rest_route=\/wp\/v2\/posts\/31625\/revisions"}],"predecessor-version":[{"id":31627,"href":"https:\/\/informativoelvalledeaguascalientes.online\/index.php?rest_route=\/wp\/v2\/posts\/31625\/revisions\/31627"}],"wp:featuredmedia":[{"embeddable":true,"href":"https:\/\/informativoelvalledeaguascalientes.online\/index.php?rest_route=\/wp\/v2\/media\/31626"}],"wp:attachment":[{"href":"https:\/\/informativoelvalledeaguascalientes.online\/index.php?rest_route=%2Fwp%2Fv2%2Fmedia&parent=31625"}],"wp:term":[{"taxonomy":"category","embeddable":true,"href":"https:\/\/informativoelvalledeaguascalientes.online\/index.php?rest_route=%2Fwp%2Fv2%2Fcategories&post=31625"},{"taxonomy":"post_tag","embeddable":true,"href":"https:\/\/informativoelvalledeaguascalientes.online\/index.php?rest_route=%2Fwp%2Fv2%2Ftags&post=31625"}],"curies":[{"name":"wp","href":"https:\/\/api.w.org\/{rel}","templated":true}]}}