{"id":31610,"date":"2022-05-27T20:11:51","date_gmt":"2022-05-28T02:11:51","guid":{"rendered":"https:\/\/informativoelvalledeaguascalientes.online\/?p=31610"},"modified":"2022-05-30T20:13:02","modified_gmt":"2022-05-31T02:13:02","slug":"toma-martin-orozco-protesta-a-los-nuevos-integrantes-de-la-mesa-directiva-estatal-de-analisec","status":"publish","type":"post","link":"https:\/\/informativoelvalledeaguascalientes.online\/?p=31610","title":{"rendered":"TOMA MART\u00cdN OROZCO PROTESTA A LOS NUEVOS INTEGRANTES DE LA MESA DIRECTIVA ESTATAL DE ANALISEC"},"content":{"rendered":"<p dir=\"ltr\"><strong>#informativoelvalledeaguascalientes , #novaradioaguascalientes<br \/>\n<\/strong><\/p>\n<p dir=\"ltr\">Al tomar protesta a los nuevos integrantes de la mesa directiva 2022-2023 de la Asociaci\u00f3n Nacional de Laboratorios Independientes al Servicio de la Construcci\u00f3n (Analisec) delegaci\u00f3n Aguascalientes, el gobernador del estado, Mart\u00edn Orozco Sandoval, realiz\u00f3 un reconocimiento a las distintas empresas que la conforman, ya que gracias a ellas ha sido posible consolidar proyectos de obra p\u00fablica de calidad en la entidad.<\/p>\n<p>&nbsp;<\/p>\n<p dir=\"ltr\">El mandatario dio la bienvenida a Francisco Javier P\u00e9rez Vidal, presidente nacional de la Analisec, y de misma manera felicit\u00f3 y dese\u00f3 el mejor de los \u00e9xitos al presidente regional entrante de la asociaci\u00f3n, N\u00e9stor Ortiz Villase\u00f1or y a su comitiva, con quienes espera sigan siendo part\u00edcipes de los proyectos del Gobierno Estatal.<\/p>\n<p>&nbsp;<\/p>\n<p dir=\"ltr\">Adem\u00e1s, agradeci\u00f3 el trabajo que realiz\u00f3 Efr\u00e9n Hern\u00e1ndez Zavala en los dos \u00faltimos a\u00f1os, ya que se colabor\u00f3 de cerca y en coordinaci\u00f3n para impulsar diversos proyectos de obra p\u00fablica en el estado, destacando la revisi\u00f3n de asentamientos irregulares a trav\u00e9s de un convenio que se gener\u00f3 con la SEGUOT.<\/p>\n","protected":false},"excerpt":{"rendered":"<p>#informativoelvalledeaguascalientes , #novaradioaguascalientes Al tomar protesta a los nuevos integrantes de la mesa directiva 2022-2023 de la Asociaci\u00f3n Nacional de Laboratorios Independientes al Servicio de la Construcci\u00f3n (Analisec) delegaci\u00f3n Aguascalientes, el gobernador del estado, Mart\u00edn Orozco Sandoval, realiz\u00f3 un reconocimiento a las distintas empresas que la conforman, ya que gracias a ellas ha sido posible [&hellip;]<\/p>\n","protected":false},"author":1,"featured_media":31611,"comment_status":"closed","ping_status":"open","sticky":false,"template":"","format":"standard","meta":{"advanced_seo_description":"","jetpack_seo_html_title":"","jetpack_seo_noindex":false,"_jetpack_memberships_contains_paid_content":false,"footnotes":"","jetpack_publicize_message":"","jetpack_publicize_feature_enabled":true,"jetpack_social_post_already_shared":true,"jetpack_social_options":{"image_generator_settings":{"template":"highway","default_image_id":0,"font":"","enabled":false},"version":2}},"categories":[21,4],"tags":[22,31,26],"class_list":["post-31610","post","type-post","status-publish","format-standard","has-post-thumbnail","hentry","category-aguascalientes","category-gobierno-del-estado-aguascalientes","tag-aguascalientes","tag-mos","tag-seguot"],"jetpack_publicize_connections":[],"jetpack_featured_media_url":"https:\/\/i0.wp.com\/informativoelvalledeaguascalientes.online\/wp-content\/uploads\/2022\/05\/WhatsApp-Image-2022-05-27-at-4.07.24-PM.jpeg?fit=1120%2C746&ssl=1","jetpack-related-posts":[],"jetpack_sharing_enabled":true,"jetpack_likes_enabled":true,"_links":{"self":[{"href":"https:\/\/informativoelvalledeaguascalientes.online\/index.php?rest_route=\/wp\/v2\/posts\/31610","targetHints":{"allow":["GET"]}}],"collection":[{"href":"https:\/\/informativoelvalledeaguascalientes.online\/index.php?rest_route=\/wp\/v2\/posts"}],"about":[{"href":"https:\/\/informativoelvalledeaguascalientes.online\/index.php?rest_route=\/wp\/v2\/types\/post"}],"author":[{"embeddable":true,"href":"https:\/\/informativoelvalledeaguascalientes.online\/index.php?rest_route=\/wp\/v2\/users\/1"}],"replies":[{"embeddable":true,"href":"https:\/\/informativoelvalledeaguascalientes.online\/index.php?rest_route=%2Fwp%2Fv2%2Fcomments&post=31610"}],"version-history":[{"count":1,"href":"https:\/\/informativoelvalledeaguascalientes.online\/index.php?rest_route=\/wp\/v2\/posts\/31610\/revisions"}],"predecessor-version":[{"id":31612,"href":"https:\/\/informativoelvalledeaguascalientes.online\/index.php?rest_route=\/wp\/v2\/posts\/31610\/revisions\/31612"}],"wp:featuredmedia":[{"embeddable":true,"href":"https:\/\/informativoelvalledeaguascalientes.online\/index.php?rest_route=\/wp\/v2\/media\/31611"}],"wp:attachment":[{"href":"https:\/\/informativoelvalledeaguascalientes.online\/index.php?rest_route=%2Fwp%2Fv2%2Fmedia&parent=31610"}],"wp:term":[{"taxonomy":"category","embeddable":true,"href":"https:\/\/informativoelvalledeaguascalientes.online\/index.php?rest_route=%2Fwp%2Fv2%2Fcategories&post=31610"},{"taxonomy":"post_tag","embeddable":true,"href":"https:\/\/informativoelvalledeaguascalientes.online\/index.php?rest_route=%2Fwp%2Fv2%2Ftags&post=31610"}],"curies":[{"name":"wp","href":"https:\/\/api.w.org\/{rel}","templated":true}]}}