{"id":31607,"date":"2022-05-27T20:08:02","date_gmt":"2022-05-28T02:08:02","guid":{"rendered":"https:\/\/informativoelvalledeaguascalientes.online\/?p=31607"},"modified":"2022-05-30T20:11:32","modified_gmt":"2022-05-31T02:11:32","slug":"iam-presenta-a-instancias-municipales-de-las-mujeres-los-programas-que-ejecutara-en-el-segundo-semestre-2022","status":"publish","type":"post","link":"https:\/\/informativoelvalledeaguascalientes.online\/?p=31607","title":{"rendered":"IAM PRESENTA A INSTANCIAS MUNICIPALES DE LAS MUJERES LOS PROGRAMAS QUE EJECUTAR\u00c1 EN EL SEGUNDO SEMESTRE 2022"},"content":{"rendered":"<p dir=\"ltr\">\n<p>#informativoelvalledeaguascalientes , #novaradioaguascalientes<\/p>\n<p dir=\"ltr\">Con la finalidad de que las y los titulares de las instancias e institutos municipales de las mujeres en la entidad conozcan las acciones que realizar\u00e1 en el \u00faltimo semestre del presente a\u00f1o el Instituto Aguascalentense de las Mujeres (IAM), a trav\u00e9s de los programas de Fortalecimiento a la Transversalidad de la Perspectiva de G\u00e9nero as\u00ed como la Erradicaci\u00f3n del Embarazo Infantil y Prevenci\u00f3n del Embarazo Adolescente.<\/p>\n<p>&nbsp;<\/p>\n<p dir=\"ltr\">En la reuni\u00f3n que se llev\u00f3 a cabo en el Archivo Hist\u00f3rico del Estado, estuvo presente la directora general del IAM, Edna Garc\u00eda Armer\u00eda, as\u00ed como las titulares de las instancias e institutos de los municipios de Pabell\u00f3n de Arteaga, Cos\u00edo, Tepezal\u00e1, El Llano, Asientos, San Jos\u00e9 de Gracia y San Francisco de los Romo.<\/p>\n","protected":false},"excerpt":{"rendered":"<p>#informativoelvalledeaguascalientes , #novaradioaguascalientes Con la finalidad de que las y los titulares de las instancias e institutos municipales de las mujeres en la entidad conozcan las acciones que realizar\u00e1 en el \u00faltimo semestre del presente a\u00f1o el Instituto Aguascalentense de las Mujeres (IAM), a trav\u00e9s de los programas de Fortalecimiento a la Transversalidad de la [&hellip;]<\/p>\n","protected":false},"author":1,"featured_media":31608,"comment_status":"closed","ping_status":"open","sticky":false,"template":"","format":"standard","meta":{"advanced_seo_description":"","jetpack_seo_html_title":"","jetpack_seo_noindex":false,"_jetpack_memberships_contains_paid_content":false,"footnotes":"","jetpack_publicize_message":"","jetpack_publicize_feature_enabled":true,"jetpack_social_post_already_shared":true,"jetpack_social_options":{"image_generator_settings":{"template":"highway","default_image_id":0,"font":"","enabled":false},"version":2}},"categories":[21,4],"tags":[22,57],"class_list":["post-31607","post","type-post","status-publish","format-standard","has-post-thumbnail","hentry","category-aguascalientes","category-gobierno-del-estado-aguascalientes","tag-aguascalientes","tag-iam"],"jetpack_publicize_connections":[],"jetpack_featured_media_url":"https:\/\/i0.wp.com\/informativoelvalledeaguascalientes.online\/wp-content\/uploads\/2022\/05\/IAM-27-02-scaled.jpg?fit=2560%2C1646&ssl=1","jetpack-related-posts":[],"jetpack_sharing_enabled":true,"jetpack_likes_enabled":true,"_links":{"self":[{"href":"https:\/\/informativoelvalledeaguascalientes.online\/index.php?rest_route=\/wp\/v2\/posts\/31607","targetHints":{"allow":["GET"]}}],"collection":[{"href":"https:\/\/informativoelvalledeaguascalientes.online\/index.php?rest_route=\/wp\/v2\/posts"}],"about":[{"href":"https:\/\/informativoelvalledeaguascalientes.online\/index.php?rest_route=\/wp\/v2\/types\/post"}],"author":[{"embeddable":true,"href":"https:\/\/informativoelvalledeaguascalientes.online\/index.php?rest_route=\/wp\/v2\/users\/1"}],"replies":[{"embeddable":true,"href":"https:\/\/informativoelvalledeaguascalientes.online\/index.php?rest_route=%2Fwp%2Fv2%2Fcomments&post=31607"}],"version-history":[{"count":1,"href":"https:\/\/informativoelvalledeaguascalientes.online\/index.php?rest_route=\/wp\/v2\/posts\/31607\/revisions"}],"predecessor-version":[{"id":31609,"href":"https:\/\/informativoelvalledeaguascalientes.online\/index.php?rest_route=\/wp\/v2\/posts\/31607\/revisions\/31609"}],"wp:featuredmedia":[{"embeddable":true,"href":"https:\/\/informativoelvalledeaguascalientes.online\/index.php?rest_route=\/wp\/v2\/media\/31608"}],"wp:attachment":[{"href":"https:\/\/informativoelvalledeaguascalientes.online\/index.php?rest_route=%2Fwp%2Fv2%2Fmedia&parent=31607"}],"wp:term":[{"taxonomy":"category","embeddable":true,"href":"https:\/\/informativoelvalledeaguascalientes.online\/index.php?rest_route=%2Fwp%2Fv2%2Fcategories&post=31607"},{"taxonomy":"post_tag","embeddable":true,"href":"https:\/\/informativoelvalledeaguascalientes.online\/index.php?rest_route=%2Fwp%2Fv2%2Ftags&post=31607"}],"curies":[{"name":"wp","href":"https:\/\/api.w.org\/{rel}","templated":true}]}}