{"id":31588,"date":"2022-05-27T19:49:32","date_gmt":"2022-05-28T01:49:32","guid":{"rendered":"https:\/\/informativoelvalledeaguascalientes.online\/?p=31588"},"modified":"2022-05-30T19:50:13","modified_gmt":"2022-05-31T01:50:13","slug":"capacitacion-para-operadores-de-transporte-publico","status":"publish","type":"post","link":"https:\/\/informativoelvalledeaguascalientes.online\/?p=31588","title":{"rendered":"CAPACITACI\u00d3N PARA OPERADORES DE TRANSPORTE P\u00daBLICO\u00a0"},"content":{"rendered":"<p style=\"font-weight: 400;\"><strong>#informativoelvalledeaguascalientes , #novaradioaguascalientes<br \/>\n<\/strong><\/p>\n<p style=\"font-weight: 400;\">\n<ul>\n<li style=\"font-weight: 400;\"><strong><em>Todos los s\u00e1bados, hasta el 27 de agosto del presente a\u00f1o.\u00a0<\/em><\/strong><\/li>\n<li style=\"font-weight: 400;\"><strong><em>Una sesi\u00f3n, el s\u00e1bado que el operador seleccione en horario de 8:00 a 13:00 horas en las instalaciones de la UTA.\u00a0<\/em><\/strong><\/li>\n<li style=\"font-weight: 400;\"><strong><em>Requisito obligatorio para la expedici\u00f3n y renovaci\u00f3n de gafete.<\/em><\/strong><\/li>\n<\/ul>\n<p style=\"font-weight: 400;\">\n<p style=\"font-weight: 400;\">\n<p style=\"font-weight: 400;\">Operadores del Transporte P\u00fablico en la modalidad de servicio de alquiler (taxi), colectivo for\u00e1neo (combi) y veh\u00edculos de plataformas, reciben capacitaci\u00f3n por parte de la Universidad Tecnol\u00f3gica de Aguascalientes (UTA), dio a conocer el Titular de la Coordinaci\u00f3n General de Movilidad (CMOV) Ricardo Serrano Rangel.<\/p>\n<p style=\"font-weight: 400;\">El Titular de CMOV, indic\u00f3 que es una sola sesi\u00f3n la que requiere tomar el operador, se desarrollan cada s\u00e1bado, la \u00faltima tendr\u00e1\u00a0lugar el 27 de agosto del presente a\u00f1o, en las instalaciones de la UTA en horario de 8:00 a 13:00 horas.<\/p>\n<p style=\"font-weight: 400;\">Ricardo Serrano inform\u00f3 que el curso de capacitaci\u00f3n es un requisito obligatorio para la expedici\u00f3n y renovaci\u00f3n del gafete de identificaci\u00f3n.<\/p>\n<p style=\"font-weight: 400;\">El funcionario estatal tambi\u00e9n dio a conocer que el proceso de inscripci\u00f3n para los operadores se realiza en el edificio de Vinculaci\u00f3n de la UTA, de lunes a viernes de 9:00 a 15:00 horas, con un costo de $174 pesos, el cual se paga en las cajas de la instituci\u00f3n educativa,<\/p>\n<p style=\"font-weight: 400;\">Para finalizar, Serrano Rangel indic\u00f3 que el temario que se da en la capacitaci\u00f3n es sobre temas referentes a las condiciones de cuidado de la unidad durante la conducci\u00f3n, la Ley de Movilidad del Estado, significado de se\u00f1al\u00e9tica de tr\u00e1nsito, t\u00e9cnica de manejo para la prevenci\u00f3n de percances viales, infraestructura vial, respuesta ante situaciones de emergencia, erradicaci\u00f3n de la violencia de g\u00e9nero, entre otros.<\/p>\n<p style=\"font-weight: 400;\">\n","protected":false},"excerpt":{"rendered":"<p>#informativoelvalledeaguascalientes , #novaradioaguascalientes Todos los s\u00e1bados, hasta el 27 de agosto del presente a\u00f1o.\u00a0 Una sesi\u00f3n, el s\u00e1bado que el operador seleccione en horario de 8:00 a 13:00 horas en las instalaciones de la UTA.\u00a0 Requisito obligatorio para la expedici\u00f3n y renovaci\u00f3n de gafete. Operadores del Transporte P\u00fablico en la modalidad de servicio de alquiler [&hellip;]<\/p>\n","protected":false},"author":1,"featured_media":31590,"comment_status":"closed","ping_status":"open","sticky":false,"template":"","format":"standard","meta":{"advanced_seo_description":"","jetpack_seo_html_title":"","jetpack_seo_noindex":false,"_jetpack_memberships_contains_paid_content":false,"footnotes":"","jetpack_publicize_message":"","jetpack_publicize_feature_enabled":true,"jetpack_social_post_already_shared":true,"jetpack_social_options":{"image_generator_settings":{"template":"highway","default_image_id":0,"font":"","enabled":false},"version":2}},"categories":[21,4],"tags":[22,53],"class_list":["post-31588","post","type-post","status-publish","format-standard","has-post-thumbnail","hentry","category-aguascalientes","category-gobierno-del-estado-aguascalientes","tag-aguascalientes","tag-cmov"],"jetpack_publicize_connections":[],"jetpack_featured_media_url":"https:\/\/i0.wp.com\/informativoelvalledeaguascalientes.online\/wp-content\/uploads\/2022\/05\/CAPACITACION-PARA-OPERADORES-DE-TRANSPORTE-PUBLICO-2-scaled.jpg?fit=2560%2C1711&ssl=1","jetpack-related-posts":[],"jetpack_sharing_enabled":true,"jetpack_likes_enabled":true,"_links":{"self":[{"href":"https:\/\/informativoelvalledeaguascalientes.online\/index.php?rest_route=\/wp\/v2\/posts\/31588","targetHints":{"allow":["GET"]}}],"collection":[{"href":"https:\/\/informativoelvalledeaguascalientes.online\/index.php?rest_route=\/wp\/v2\/posts"}],"about":[{"href":"https:\/\/informativoelvalledeaguascalientes.online\/index.php?rest_route=\/wp\/v2\/types\/post"}],"author":[{"embeddable":true,"href":"https:\/\/informativoelvalledeaguascalientes.online\/index.php?rest_route=\/wp\/v2\/users\/1"}],"replies":[{"embeddable":true,"href":"https:\/\/informativoelvalledeaguascalientes.online\/index.php?rest_route=%2Fwp%2Fv2%2Fcomments&post=31588"}],"version-history":[{"count":1,"href":"https:\/\/informativoelvalledeaguascalientes.online\/index.php?rest_route=\/wp\/v2\/posts\/31588\/revisions"}],"predecessor-version":[{"id":31592,"href":"https:\/\/informativoelvalledeaguascalientes.online\/index.php?rest_route=\/wp\/v2\/posts\/31588\/revisions\/31592"}],"wp:featuredmedia":[{"embeddable":true,"href":"https:\/\/informativoelvalledeaguascalientes.online\/index.php?rest_route=\/wp\/v2\/media\/31590"}],"wp:attachment":[{"href":"https:\/\/informativoelvalledeaguascalientes.online\/index.php?rest_route=%2Fwp%2Fv2%2Fmedia&parent=31588"}],"wp:term":[{"taxonomy":"category","embeddable":true,"href":"https:\/\/informativoelvalledeaguascalientes.online\/index.php?rest_route=%2Fwp%2Fv2%2Fcategories&post=31588"},{"taxonomy":"post_tag","embeddable":true,"href":"https:\/\/informativoelvalledeaguascalientes.online\/index.php?rest_route=%2Fwp%2Fv2%2Ftags&post=31588"}],"curies":[{"name":"wp","href":"https:\/\/api.w.org\/{rel}","templated":true}]}}