{"id":31578,"date":"2022-05-28T22:58:14","date_gmt":"2022-05-29T04:58:14","guid":{"rendered":"https:\/\/informativoelvalledeaguascalientes.online\/?p=31578"},"modified":"2022-05-28T22:58:14","modified_gmt":"2022-05-29T04:58:14","slug":"ahora-mas-que-nunca-necesitamos-trabajar-unidos-por-el-aguascalientes-que-tanto-queremos-tere-jimenez","status":"publish","type":"post","link":"https:\/\/informativoelvalledeaguascalientes.online\/?p=31578","title":{"rendered":"&#8220;AHORA M\u00c1S QUE NUNCA NECESITAMOS TRABAJAR UNIDOS POR EL AGUASCALIENTES QUE TANTO QUEREMOS&#8221;: TERE JIM\u00c9NEZ"},"content":{"rendered":"<p><strong>#informativoelvalledeaguascalientes , #novaradioaguascalientes<\/strong><\/p>\n<p>\u2022 La candidata se\u00f1al\u00f3 que su administraci\u00f3n ser\u00e1 promotora del respeto a los Derechos Humanos<\/p>\n<p>\u2022 Su gesti\u00f3n promover\u00e1 oportunidades e igualdad de circunstancias para todos y todas<\/p>\n<p>\u2022 La inclusi\u00f3n promueve un Estado m\u00e1s s\u00f3lido y unificado en beneficio de la sociedad de Aguascalientes<\/p>\n<p>Tere Jim\u00e9nez, candidata de la coalici\u00f3n \u201cVa Por Aguascalientes\u201d, celebr\u00f3 la alianza &#8220;Por una sociedad incluyente&#8221;.<\/p>\n<p>La candidata se\u00f1al\u00f3 que su administraci\u00f3n estar\u00e1 muy cercana a la ciudadan\u00eda sin distinci\u00f3n alguna y promover\u00e1 el respeto a los Derechos Humanos y garant\u00edas individuales, pues todas las personas tienen el mismo valor solo por la condici\u00f3n de ser humanos.<\/p>\n<p>Agreg\u00f3 que una de las caracter\u00edsticas de su proyecto de gobierno reside en promover mejores oportunidades para todos y todas.<\/p>\n<p>Habl\u00f3 de la importancia social de la inclusi\u00f3n, pues con ella se fomenta una sociedad m\u00e1s s\u00f3lida y unificada en la que, sin distinci\u00f3n, se promueven las condiciones necesarias para que los aguascalentenses puedan aprovechar sus habilidades y beneficiarse de las oportunidades que se encuentran en el entorno.<\/p>\n<p>A\u00f1adi\u00f3 que su gesti\u00f3n se alinea a los objetivos de la Agenda de las Naciones Unidas, que en su n\u00famero 10 desarrolla la necesidad de reducir la desigualdad social y marca la promoci\u00f3n de la inclusi\u00f3n de todas las personas independientemente de cualquier condici\u00f3n.<\/p>\n<p>Tere Jim\u00e9nez se\u00f1al\u00f3 que ahora m\u00e1s que nunca necesitamos un Aguascalientes fortalecido y listo para afrontar los retos que se avecinen, mirando siempre por el bien com\u00fan y trabajando unidos, pues solo en ese tenor, todos y todas saldremos adelante.<\/p>\n<p>\u201c\u00a1Juntos podremos enfrentar cualquier adversidad y sacar adelante a nuestro Aguascalientes. El trabajo de todos y todas ser\u00e1 por nuestro estado, por nuestros ni\u00f1os y ni\u00f1as, por nuestro futuro!, finaliz\u00f3 la candidata de las propuestas.<\/p>\n","protected":false},"excerpt":{"rendered":"<p>#informativoelvalledeaguascalientes , #novaradioaguascalientes \u2022 La candidata se\u00f1al\u00f3 que su administraci\u00f3n ser\u00e1 promotora del respeto a los Derechos Humanos \u2022 Su gesti\u00f3n promover\u00e1 oportunidades e igualdad de circunstancias para todos y todas \u2022 La inclusi\u00f3n promueve un Estado m\u00e1s s\u00f3lido y unificado en beneficio de la sociedad de Aguascalientes Tere Jim\u00e9nez, candidata de la coalici\u00f3n \u201cVa [&hellip;]<\/p>\n","protected":false},"author":1,"featured_media":31579,"comment_status":"closed","ping_status":"open","sticky":false,"template":"","format":"standard","meta":{"advanced_seo_description":"","jetpack_seo_html_title":"","jetpack_seo_noindex":false,"_jetpack_memberships_contains_paid_content":false,"footnotes":"","jetpack_publicize_message":"","jetpack_publicize_feature_enabled":true,"jetpack_social_post_already_shared":true,"jetpack_social_options":{"image_generator_settings":{"template":"highway","default_image_id":0,"font":"","enabled":false},"version":2}},"categories":[21,7,6],"tags":[22,23,43,320],"class_list":["post-31578","post","type-post","status-publish","format-standard","has-post-thumbnail","hentry","category-aguascalientes","category-pan-aguascalientes","category-partidos-politicos","tag-aguascalientes","tag-pan-aguascalientes","tag-pan-aguascalientes-cde","tag-tere-jimenez"],"jetpack_publicize_connections":[],"jetpack_featured_media_url":"https:\/\/i0.wp.com\/informativoelvalledeaguascalientes.online\/wp-content\/uploads\/2022\/05\/2cc84b62-d296-4a8c-90f6-a8812fc29573.jpg?fit=1600%2C1066&ssl=1","jetpack-related-posts":[],"jetpack_sharing_enabled":true,"jetpack_likes_enabled":true,"_links":{"self":[{"href":"https:\/\/informativoelvalledeaguascalientes.online\/index.php?rest_route=\/wp\/v2\/posts\/31578","targetHints":{"allow":["GET"]}}],"collection":[{"href":"https:\/\/informativoelvalledeaguascalientes.online\/index.php?rest_route=\/wp\/v2\/posts"}],"about":[{"href":"https:\/\/informativoelvalledeaguascalientes.online\/index.php?rest_route=\/wp\/v2\/types\/post"}],"author":[{"embeddable":true,"href":"https:\/\/informativoelvalledeaguascalientes.online\/index.php?rest_route=\/wp\/v2\/users\/1"}],"replies":[{"embeddable":true,"href":"https:\/\/informativoelvalledeaguascalientes.online\/index.php?rest_route=%2Fwp%2Fv2%2Fcomments&post=31578"}],"version-history":[{"count":2,"href":"https:\/\/informativoelvalledeaguascalientes.online\/index.php?rest_route=\/wp\/v2\/posts\/31578\/revisions"}],"predecessor-version":[{"id":31581,"href":"https:\/\/informativoelvalledeaguascalientes.online\/index.php?rest_route=\/wp\/v2\/posts\/31578\/revisions\/31581"}],"wp:featuredmedia":[{"embeddable":true,"href":"https:\/\/informativoelvalledeaguascalientes.online\/index.php?rest_route=\/wp\/v2\/media\/31579"}],"wp:attachment":[{"href":"https:\/\/informativoelvalledeaguascalientes.online\/index.php?rest_route=%2Fwp%2Fv2%2Fmedia&parent=31578"}],"wp:term":[{"taxonomy":"category","embeddable":true,"href":"https:\/\/informativoelvalledeaguascalientes.online\/index.php?rest_route=%2Fwp%2Fv2%2Fcategories&post=31578"},{"taxonomy":"post_tag","embeddable":true,"href":"https:\/\/informativoelvalledeaguascalientes.online\/index.php?rest_route=%2Fwp%2Fv2%2Ftags&post=31578"}],"curies":[{"name":"wp","href":"https:\/\/api.w.org\/{rel}","templated":true}]}}