{"id":31571,"date":"2022-05-28T22:54:01","date_gmt":"2022-05-29T04:54:01","guid":{"rendered":"https:\/\/informativoelvalledeaguascalientes.online\/?p=31571"},"modified":"2022-05-28T22:54:01","modified_gmt":"2022-05-29T04:54:01","slug":"sesiona-el-consejo-estatal-del-pan","status":"publish","type":"post","link":"https:\/\/informativoelvalledeaguascalientes.online\/?p=31571","title":{"rendered":"SESIONA EL CONSEJO ESTATAL DEL PAN"},"content":{"rendered":"<p><strong>#informativoelvalledeaguascalientes , #novaradioaguascalientes<br \/>\n<\/strong><\/p>\n<p>En sesi\u00f3n ordinaria del Consejo Estatal del Partido Acci\u00f3n Nacional, se presentaron los estados financieros y el presupuesto a ejercer para el presente a\u00f1o 2022. En dicha reuni\u00f3n el presidente del CDE del partido Javier Lu\u00e9vano N\u00fa\u00f1ez, alent\u00f3 a las y los consejeros a continuar con el mejor \u00e1nimo en la contienda rumbo a la gubernatura y afianzar el voto ciudadano que dar\u00e1 el triunfo en las urnas a Tere Jim\u00e9nez el pr\u00f3ximo 05 de junio.<\/p>\n","protected":false},"excerpt":{"rendered":"<p>#informativoelvalledeaguascalientes , #novaradioaguascalientes En sesi\u00f3n ordinaria del Consejo Estatal del Partido Acci\u00f3n Nacional, se presentaron los estados financieros y el presupuesto a ejercer para el presente a\u00f1o 2022. En dicha reuni\u00f3n el presidente del CDE del partido Javier Lu\u00e9vano N\u00fa\u00f1ez, alent\u00f3 a las y los consejeros a continuar con el mejor \u00e1nimo en la contienda [&hellip;]<\/p>\n","protected":false},"author":1,"featured_media":31574,"comment_status":"closed","ping_status":"open","sticky":false,"template":"","format":"standard","meta":{"advanced_seo_description":"","jetpack_seo_html_title":"","jetpack_seo_noindex":false,"_jetpack_memberships_contains_paid_content":false,"footnotes":"","jetpack_publicize_message":"","jetpack_publicize_feature_enabled":true,"jetpack_social_post_already_shared":true,"jetpack_social_options":{"image_generator_settings":{"template":"highway","default_image_id":0,"font":"","enabled":false},"version":2}},"categories":[21,7],"tags":[22,23,43],"class_list":["post-31571","post","type-post","status-publish","format-standard","has-post-thumbnail","hentry","category-aguascalientes","category-pan-aguascalientes","tag-aguascalientes","tag-pan-aguascalientes","tag-pan-aguascalientes-cde"],"jetpack_publicize_connections":[],"jetpack_featured_media_url":"https:\/\/i0.wp.com\/informativoelvalledeaguascalientes.online\/wp-content\/uploads\/2022\/05\/WhatsApp-Image-2022-05-28-at-11.28.09-PM.jpeg?fit=1600%2C901&ssl=1","jetpack-related-posts":[],"jetpack_sharing_enabled":true,"jetpack_likes_enabled":true,"_links":{"self":[{"href":"https:\/\/informativoelvalledeaguascalientes.online\/index.php?rest_route=\/wp\/v2\/posts\/31571","targetHints":{"allow":["GET"]}}],"collection":[{"href":"https:\/\/informativoelvalledeaguascalientes.online\/index.php?rest_route=\/wp\/v2\/posts"}],"about":[{"href":"https:\/\/informativoelvalledeaguascalientes.online\/index.php?rest_route=\/wp\/v2\/types\/post"}],"author":[{"embeddable":true,"href":"https:\/\/informativoelvalledeaguascalientes.online\/index.php?rest_route=\/wp\/v2\/users\/1"}],"replies":[{"embeddable":true,"href":"https:\/\/informativoelvalledeaguascalientes.online\/index.php?rest_route=%2Fwp%2Fv2%2Fcomments&post=31571"}],"version-history":[{"count":1,"href":"https:\/\/informativoelvalledeaguascalientes.online\/index.php?rest_route=\/wp\/v2\/posts\/31571\/revisions"}],"predecessor-version":[{"id":31575,"href":"https:\/\/informativoelvalledeaguascalientes.online\/index.php?rest_route=\/wp\/v2\/posts\/31571\/revisions\/31575"}],"wp:featuredmedia":[{"embeddable":true,"href":"https:\/\/informativoelvalledeaguascalientes.online\/index.php?rest_route=\/wp\/v2\/media\/31574"}],"wp:attachment":[{"href":"https:\/\/informativoelvalledeaguascalientes.online\/index.php?rest_route=%2Fwp%2Fv2%2Fmedia&parent=31571"}],"wp:term":[{"taxonomy":"category","embeddable":true,"href":"https:\/\/informativoelvalledeaguascalientes.online\/index.php?rest_route=%2Fwp%2Fv2%2Fcategories&post=31571"},{"taxonomy":"post_tag","embeddable":true,"href":"https:\/\/informativoelvalledeaguascalientes.online\/index.php?rest_route=%2Fwp%2Fv2%2Ftags&post=31571"}],"curies":[{"name":"wp","href":"https:\/\/api.w.org\/{rel}","templated":true}]}}