{"id":31548,"date":"2022-05-27T22:24:42","date_gmt":"2022-05-28T04:24:42","guid":{"rendered":"https:\/\/informativoelvalledeaguascalientes.online\/?p=31548"},"modified":"2022-05-27T22:24:42","modified_gmt":"2022-05-28T04:24:42","slug":"sus-votos-seran-clave-en-la-construccion-del-aguascalientes-que-tanto-queremos-tere-jimenez","status":"publish","type":"post","link":"https:\/\/informativoelvalledeaguascalientes.online\/?p=31548","title":{"rendered":"\u201cSUS VOTOS SER\u00c1N CLAVE EN LA CONSTRUCCI\u00d3N DEL AGUASCALIENTES QUE TANTO QUEREMOS\u201d: TERE JIM\u00c9NEZ"},"content":{"rendered":"<p style=\"text-align: left;\">#informativoelvalledeaguascalientes , #novaradioaguascalientes<\/p>\n<p>\u2022 Pr\u00f3ximas elecciones ser\u00e1n hist\u00f3ricas: la primera vez que se elija a una mujer como gobernadora y la elecci\u00f3n en la que m\u00e1s migrantes participen<\/p>\n<p>\u2022 Proyecto de Tere Jim\u00e9nez se construy\u00f3 desde hace varios a\u00f1os de servicio p\u00fablico, gracias a la cercan\u00eda de la ciudadan\u00eda<\/p>\n<p>\u2022 La candidata subray\u00f3 que cada voto es muy importante<\/p>\n<p>La candidata de la coalici\u00f3n \u201cVa Por Aguascalientes\u201d, Tere Jim\u00e9nez, hizo un llamado a cerrar filas en torno al proyecto que aspira a un mejor futuro para el estado.<\/p>\n<p>Se\u00f1al\u00f3 que, hoy m\u00e1s que nunca, la ciudadan\u00eda debe unirse para consolidar un proyecto que por a\u00f1os se ha ido formando con el ejercicio de la funci\u00f3n p\u00fablica y respondiendo a las necesidades de las familias de Aguascalientes.<\/p>\n<p>Tere Jim\u00e9nez dijo que este momento comenz\u00f3 a construirse desde que comenz\u00f3 su carrera pol\u00edtica. En aquel entonces, sin mucho apoyo y con pocas personas creyendo en ella, tuvo la aspiraci\u00f3n de un mejor futuro, lo que la hizo trabajar por la gente. As\u00ed, supo que el servicio debe ser a favor de la ciudadan\u00eda y de esa forma continu\u00f3 con trabajo, esfuerzo y cercan\u00eda.<\/p>\n<p>Tere Jim\u00e9nez hizo un llamado a las mujeres de Aguascalientes, que representan m\u00e1s de la mitad de la poblaci\u00f3n, a unirse a este proyecto que simboliza la posibilidad de alzar la voz por sus derechos, por mejores oportunidades, pero tambi\u00e9n por sus hijos.<\/p>\n<p>Asimismo, hizo un llamado a los 997 hermanos migrantes que se registraron para emitir su voto desde el exterior, para sumarse a esta oportunidad hist\u00f3rica, no solo porque por primera vez una mujer ser\u00e1 gobernadora, sino porque es tambi\u00e9n la elecci\u00f3n que registra mayor n\u00famero de votantes en el extranjero.<\/p>\n<p>A los j\u00f3venes los inst\u00f3 a emitir su voto, pues para muchos es el primero en un momento que quedar\u00e1 marcado para la posteridad.<\/p>\n<p>La candidata se\u00f1al\u00f3 que durante estos \u00faltimos dos meses ha recorrido todo el estado, llevando su propuesta a lugares que carecen de tecnolog\u00edas y comunicaciones, con la finalidad de que este 5 de junio todas y todos los aguascalentenses formen parte de esta elecci\u00f3n.<\/p>\n<p>Dijo que, en esta fase en la que se promueve el voto, ha conocido gente muy valiosa que la compromete a trabajar duro por la igualdad y un mejor futuro. Es por ello que no defraudar\u00e1 a aquellos que con su decisi\u00f3n se sumaron a un proyecto respaldado por miles de ciudadanos que se han acercado a ella y aspiran, con su representaci\u00f3n, a un mejor Aguascalientes.<\/p>\n","protected":false},"excerpt":{"rendered":"<p>#informativoelvalledeaguascalientes , #novaradioaguascalientes \u2022 Pr\u00f3ximas elecciones ser\u00e1n hist\u00f3ricas: la primera vez que se elija a una mujer como gobernadora y la elecci\u00f3n en la que m\u00e1s migrantes participen \u2022 Proyecto de Tere Jim\u00e9nez se construy\u00f3 desde hace varios a\u00f1os de servicio p\u00fablico, gracias a la cercan\u00eda de la ciudadan\u00eda \u2022 La candidata subray\u00f3 que cada [&hellip;]<\/p>\n","protected":false},"author":1,"featured_media":31549,"comment_status":"closed","ping_status":"open","sticky":false,"template":"","format":"standard","meta":{"advanced_seo_description":"","jetpack_seo_html_title":"","jetpack_seo_noindex":false,"_jetpack_memberships_contains_paid_content":false,"footnotes":"","jetpack_publicize_message":"","jetpack_publicize_feature_enabled":true,"jetpack_social_post_already_shared":true,"jetpack_social_options":{"image_generator_settings":{"template":"highway","default_image_id":0,"font":"","enabled":false},"version":2}},"categories":[21,7,6],"tags":[22,23,43,320],"class_list":["post-31548","post","type-post","status-publish","format-standard","has-post-thumbnail","hentry","category-aguascalientes","category-pan-aguascalientes","category-partidos-politicos","tag-aguascalientes","tag-pan-aguascalientes","tag-pan-aguascalientes-cde","tag-tere-jimenez"],"jetpack_publicize_connections":[],"jetpack_featured_media_url":"https:\/\/i0.wp.com\/informativoelvalledeaguascalientes.online\/wp-content\/uploads\/2022\/05\/IMG-20220527-WA0015.jpg?fit=1600%2C1066&ssl=1","jetpack-related-posts":[],"jetpack_sharing_enabled":true,"jetpack_likes_enabled":true,"_links":{"self":[{"href":"https:\/\/informativoelvalledeaguascalientes.online\/index.php?rest_route=\/wp\/v2\/posts\/31548","targetHints":{"allow":["GET"]}}],"collection":[{"href":"https:\/\/informativoelvalledeaguascalientes.online\/index.php?rest_route=\/wp\/v2\/posts"}],"about":[{"href":"https:\/\/informativoelvalledeaguascalientes.online\/index.php?rest_route=\/wp\/v2\/types\/post"}],"author":[{"embeddable":true,"href":"https:\/\/informativoelvalledeaguascalientes.online\/index.php?rest_route=\/wp\/v2\/users\/1"}],"replies":[{"embeddable":true,"href":"https:\/\/informativoelvalledeaguascalientes.online\/index.php?rest_route=%2Fwp%2Fv2%2Fcomments&post=31548"}],"version-history":[{"count":1,"href":"https:\/\/informativoelvalledeaguascalientes.online\/index.php?rest_route=\/wp\/v2\/posts\/31548\/revisions"}],"predecessor-version":[{"id":31550,"href":"https:\/\/informativoelvalledeaguascalientes.online\/index.php?rest_route=\/wp\/v2\/posts\/31548\/revisions\/31550"}],"wp:featuredmedia":[{"embeddable":true,"href":"https:\/\/informativoelvalledeaguascalientes.online\/index.php?rest_route=\/wp\/v2\/media\/31549"}],"wp:attachment":[{"href":"https:\/\/informativoelvalledeaguascalientes.online\/index.php?rest_route=%2Fwp%2Fv2%2Fmedia&parent=31548"}],"wp:term":[{"taxonomy":"category","embeddable":true,"href":"https:\/\/informativoelvalledeaguascalientes.online\/index.php?rest_route=%2Fwp%2Fv2%2Fcategories&post=31548"},{"taxonomy":"post_tag","embeddable":true,"href":"https:\/\/informativoelvalledeaguascalientes.online\/index.php?rest_route=%2Fwp%2Fv2%2Ftags&post=31548"}],"curies":[{"name":"wp","href":"https:\/\/api.w.org\/{rel}","templated":true}]}}