{"id":31536,"date":"2022-05-27T21:17:51","date_gmt":"2022-05-28T03:17:51","guid":{"rendered":"https:\/\/informativoelvalledeaguascalientes.online\/?p=31536"},"modified":"2022-05-27T21:17:51","modified_gmt":"2022-05-28T03:17:51","slug":"confirman-tribunales-calumnias-contra-tere-jimenez-y-sancionan-a-candidatas-morena-y-mc","status":"publish","type":"post","link":"https:\/\/informativoelvalledeaguascalientes.online\/?p=31536","title":{"rendered":"CONFIRMAN TRIBUNALES CALUMNIAS CONTRA TERE JIM\u00c9NEZ Y SANCIONAN A CANDIDATAS MORENA Y MC"},"content":{"rendered":"<p>#informativoelvalledeaguascalientes , #novaradioaguascalientes<\/p>\n<ul>\n<li><strong>AUTORIDADES ELECTORALES RESUELVEN QUE LAS CANDIDATAS SE VALIERON DE TEMAS COMO EL AGUA PARA DENOSTAR EN CONTRA DE LA CANDIDATA DE LA ALIANZA VA POR AGUASCALIENTES<\/strong><\/li>\n<li><strong>NUEVAMENTE SE DEMUESTRA QUE LAS ACUSACIONES EN CONTRA DE TERE JIM\u00c9NEZ CARECEN DE TODO FUNDAMENTO Y CAMPA\u00d1AS SIN BASE NI PROYECTO PARA GOBERNAR: PALOMA AM\u00c9ZQUITA<\/strong><\/li>\n<li><strong>LA PROPUESTAS Y LAS IDEAS SIGUEN SIENDO EL CAMINO Y LA BASE DEL PLAN DE GOBIERNO QUE LLEVAR\u00c1N AL TRIUNFO A LA CANDIDATA DE LA COALICI\u00d3N VA POR AGUASCALIENTES<\/strong><\/li>\n<\/ul>\n<p>&nbsp;<\/p>\n<p>&nbsp;<\/p>\n<p>La secretaria general del Comit\u00e9 Directivo Estatal del PAN\u00a0 en Aguascalientes, Paloma Am\u00e9zquita, dio a conocer que las candidatas Anayeli Mu\u00f1oz Moreno y Nora Ruvalcava G\u00e1mez de Movimiento Ciudadano y Morena, respectivamente, fueron sancionadas al acreditarse las calumnias emitidas a trav\u00e9s de sus spots y campa\u00f1as publicitarias en redes sociales en contra de la candidata de la coalici\u00f3n Va por Aguascalientes, Tere Jim\u00e9nez Esquivel.<\/p>\n<p>&nbsp;<\/p>\n<p>En sesiones por separado de la Sala Especializada del Tribunal Electoral del Poder Judicial de la Federaci\u00f3n y del Tribunal Local Electoral, las autoridades resolvieron que la actuaci\u00f3n que han tenido la candidata de MORENA como la de Movimiento Ciudadano, rebasaron los l\u00edmites y el respeto con calumnias, infamias y actos que no est\u00e1n a la altura de lo que debieran ser las campa\u00f1as que los y las aguascalentenses merecen.<\/p>\n<p>&nbsp;<\/p>\n<p>Particularmente en la recta final de la contienda,\u00a0 MORENA ha pretendido utilizar el tema del agua para injuriar a la candidata ganadora, Tere Jim\u00e9nez, utilizando adjetivos que pretenden denostar y agredir verbalmente a quien se ha dedicado a dar propuestas desde el primer d\u00eda de campa\u00f1a, hecho que se traducir\u00e1 en votos a favor de la abanderada de la coalici\u00f3n Va por Aguascalientes el pr\u00f3ximo 05 de junio, d\u00eda en que la ciudadan\u00eda refrendar\u00e1 su confianza hacia Tere..<\/p>\n<p>&nbsp;<\/p>\n<p>Una vez m\u00e1s queda demostrado que las campa\u00f1as que hacen uso de la mentira, la denostaci\u00f3n y la calumnia, adem\u00e1s de ser desmentidas con bases jur\u00eddicas por parte de los propios tribunales, demuestran la falta de un proyecto pol\u00edtico para gobernar, se\u00f1al\u00f3 la secretaria general del PAN, puntualizando que \u201cpor el contrario, la campa\u00f1a que encabeza Tere Jim\u00e9nez, se ha desarrollado con una base s\u00f3lida, un Plan de Gobierno con propuestas desarrolladas a trav\u00e9s de la experiencia,\u00a0 que se enriquece d\u00eda a d\u00eda, con las ideas que se generan en los distintos puntos que la candidata ganadora ha visitado en cada rinc\u00f3n de la entidad escuchando las necesidades de las y los ciudadanos\u201d.<\/p>\n<p>&nbsp;<\/p>\n<p>\u201cEn Acci\u00f3n Nacional no se permitir\u00e1 que las injurias, denostaciones, falacias, y la violencia pol\u00edtica de g\u00e9nero bajo ninguna circunstancia, en esta recta final de la contienda por la gubernatura, se continuar\u00e1 por el camino recorrido, el camino de las propuestas, porque Tere, d\u00eda a d\u00eda ha manifestado ser la candidata de las propuestas y en pocos d\u00edas ser\u00e1 electa como la gobernadora de las respuestas\u201d, finaliz\u00f3 Paloma Am\u00e9zquita.<\/p>\n","protected":false},"excerpt":{"rendered":"<p>#informativoelvalledeaguascalientes , #novaradioaguascalientes AUTORIDADES ELECTORALES RESUELVEN QUE LAS CANDIDATAS SE VALIERON DE TEMAS COMO EL AGUA PARA DENOSTAR EN CONTRA DE LA CANDIDATA DE LA ALIANZA VA POR AGUASCALIENTES NUEVAMENTE SE DEMUESTRA QUE LAS ACUSACIONES EN CONTRA DE TERE JIM\u00c9NEZ CARECEN DE TODO FUNDAMENTO Y CAMPA\u00d1AS SIN BASE NI PROYECTO PARA GOBERNAR: PALOMA AM\u00c9ZQUITA LA [&hellip;]<\/p>\n","protected":false},"author":1,"featured_media":31537,"comment_status":"closed","ping_status":"open","sticky":false,"template":"","format":"standard","meta":{"advanced_seo_description":"","jetpack_seo_html_title":"","jetpack_seo_noindex":false,"_jetpack_memberships_contains_paid_content":false,"footnotes":"","jetpack_publicize_message":"","jetpack_publicize_feature_enabled":true,"jetpack_social_post_already_shared":true,"jetpack_social_options":{"image_generator_settings":{"template":"highway","default_image_id":0,"font":"","enabled":false},"version":2}},"categories":[21,7,6],"tags":[22,23,43],"class_list":["post-31536","post","type-post","status-publish","format-standard","has-post-thumbnail","hentry","category-aguascalientes","category-pan-aguascalientes","category-partidos-politicos","tag-aguascalientes","tag-pan-aguascalientes","tag-pan-aguascalientes-cde"],"jetpack_publicize_connections":[],"jetpack_featured_media_url":"https:\/\/i0.wp.com\/informativoelvalledeaguascalientes.online\/wp-content\/uploads\/2022\/05\/IMG-20220527-WA0011.jpg?fit=1024%2C682&ssl=1","jetpack-related-posts":[],"jetpack_sharing_enabled":true,"jetpack_likes_enabled":true,"_links":{"self":[{"href":"https:\/\/informativoelvalledeaguascalientes.online\/index.php?rest_route=\/wp\/v2\/posts\/31536","targetHints":{"allow":["GET"]}}],"collection":[{"href":"https:\/\/informativoelvalledeaguascalientes.online\/index.php?rest_route=\/wp\/v2\/posts"}],"about":[{"href":"https:\/\/informativoelvalledeaguascalientes.online\/index.php?rest_route=\/wp\/v2\/types\/post"}],"author":[{"embeddable":true,"href":"https:\/\/informativoelvalledeaguascalientes.online\/index.php?rest_route=\/wp\/v2\/users\/1"}],"replies":[{"embeddable":true,"href":"https:\/\/informativoelvalledeaguascalientes.online\/index.php?rest_route=%2Fwp%2Fv2%2Fcomments&post=31536"}],"version-history":[{"count":1,"href":"https:\/\/informativoelvalledeaguascalientes.online\/index.php?rest_route=\/wp\/v2\/posts\/31536\/revisions"}],"predecessor-version":[{"id":31538,"href":"https:\/\/informativoelvalledeaguascalientes.online\/index.php?rest_route=\/wp\/v2\/posts\/31536\/revisions\/31538"}],"wp:featuredmedia":[{"embeddable":true,"href":"https:\/\/informativoelvalledeaguascalientes.online\/index.php?rest_route=\/wp\/v2\/media\/31537"}],"wp:attachment":[{"href":"https:\/\/informativoelvalledeaguascalientes.online\/index.php?rest_route=%2Fwp%2Fv2%2Fmedia&parent=31536"}],"wp:term":[{"taxonomy":"category","embeddable":true,"href":"https:\/\/informativoelvalledeaguascalientes.online\/index.php?rest_route=%2Fwp%2Fv2%2Fcategories&post=31536"},{"taxonomy":"post_tag","embeddable":true,"href":"https:\/\/informativoelvalledeaguascalientes.online\/index.php?rest_route=%2Fwp%2Fv2%2Ftags&post=31536"}],"curies":[{"name":"wp","href":"https:\/\/api.w.org\/{rel}","templated":true}]}}