{"id":31533,"date":"2022-05-26T23:06:25","date_gmt":"2022-05-27T05:06:25","guid":{"rendered":"https:\/\/informativoelvalledeaguascalientes.online\/?p=31533"},"modified":"2022-05-26T23:06:25","modified_gmt":"2022-05-27T05:06:25","slug":"jovenes-tienen-en-sus-manos-el-poder-de-cambiar-el-futuro-de-aguascalientes-tere-jimenez","status":"publish","type":"post","link":"https:\/\/informativoelvalledeaguascalientes.online\/?p=31533","title":{"rendered":"\u201cJ\u00d3VENES TIENEN EN SUS MANOS EL PODER DE CAMBIAR EL FUTURO DE AGUASCALIENTES\u201d: TERE JIM\u00c9NEZ"},"content":{"rendered":"<p><strong>#informativoelvalledeaguascalientes , #novaradioaguascalientes<br \/>\n<\/strong><\/p>\n<p>La candidata de la coalici\u00f3n \u201cVa Por Aguascalientes\u201d se reuni\u00f3 con j\u00f3venes de instituciones de educaci\u00f3n superior, a quienes inst\u00f3 a formar parte de la vida democr\u00e1tica del estado y del pa\u00eds, pues, dijo, la naci\u00f3n los necesita y parte del desarrollo de un futuro prometedor, no solo para Aguascalientes, sino para todo el pa\u00eds, se centra en las decisiones que tomen hoy.<\/p>\n<p>Los llam\u00f3 a dar lo mejor de s\u00ed, a tener la fuerza y la determinaci\u00f3n en todo aquello que se propongan, pues el horizonte que ahora se ve lejano ser\u00e1 el futuro que ellos vayan construyendo desde este momento; por lo que les dijo que un Estado s\u00f3lido parte de la responsabilidad que asuman. A\u00f1adi\u00f3 que la educaci\u00f3n ser\u00e1 siempre el arma m\u00e1s poderosa y aquella que permita el crecimiento de estados, pa\u00edses y naciones mejor consolidados.<\/p>\n<p>Finalmente, Tere Jim\u00e9nez les hizo saber que viene una etapa sumamente importante para Aguascalientes, un momento hist\u00f3rico en el que ellos pueden participar y darle un mejor rumbo a nuestra sociedad.<\/p>\n","protected":false},"excerpt":{"rendered":"<p>#informativoelvalledeaguascalientes , #novaradioaguascalientes La candidata de la coalici\u00f3n \u201cVa Por Aguascalientes\u201d se reuni\u00f3 con j\u00f3venes de instituciones de educaci\u00f3n superior, a quienes inst\u00f3 a formar parte de la vida democr\u00e1tica del estado y del pa\u00eds, pues, dijo, la naci\u00f3n los necesita y parte del desarrollo de un futuro prometedor, no solo para Aguascalientes, sino para [&hellip;]<\/p>\n","protected":false},"author":1,"featured_media":31534,"comment_status":"closed","ping_status":"open","sticky":false,"template":"","format":"standard","meta":{"advanced_seo_description":"","jetpack_seo_html_title":"","jetpack_seo_noindex":false,"_jetpack_memberships_contains_paid_content":false,"footnotes":"","jetpack_publicize_message":"","jetpack_publicize_feature_enabled":true,"jetpack_social_post_already_shared":true,"jetpack_social_options":{"image_generator_settings":{"template":"highway","default_image_id":0,"font":"","enabled":false},"version":2}},"categories":[21,7],"tags":[22,23,43,320],"class_list":["post-31533","post","type-post","status-publish","format-standard","has-post-thumbnail","hentry","category-aguascalientes","category-pan-aguascalientes","tag-aguascalientes","tag-pan-aguascalientes","tag-pan-aguascalientes-cde","tag-tere-jimenez"],"jetpack_publicize_connections":[],"jetpack_featured_media_url":"https:\/\/i0.wp.com\/informativoelvalledeaguascalientes.online\/wp-content\/uploads\/2022\/05\/8074afad-e310-4a59-93f1-1094a13977fc.jpg?fit=1600%2C1066&ssl=1","jetpack-related-posts":[],"jetpack_sharing_enabled":true,"jetpack_likes_enabled":true,"_links":{"self":[{"href":"https:\/\/informativoelvalledeaguascalientes.online\/index.php?rest_route=\/wp\/v2\/posts\/31533","targetHints":{"allow":["GET"]}}],"collection":[{"href":"https:\/\/informativoelvalledeaguascalientes.online\/index.php?rest_route=\/wp\/v2\/posts"}],"about":[{"href":"https:\/\/informativoelvalledeaguascalientes.online\/index.php?rest_route=\/wp\/v2\/types\/post"}],"author":[{"embeddable":true,"href":"https:\/\/informativoelvalledeaguascalientes.online\/index.php?rest_route=\/wp\/v2\/users\/1"}],"replies":[{"embeddable":true,"href":"https:\/\/informativoelvalledeaguascalientes.online\/index.php?rest_route=%2Fwp%2Fv2%2Fcomments&post=31533"}],"version-history":[{"count":1,"href":"https:\/\/informativoelvalledeaguascalientes.online\/index.php?rest_route=\/wp\/v2\/posts\/31533\/revisions"}],"predecessor-version":[{"id":31535,"href":"https:\/\/informativoelvalledeaguascalientes.online\/index.php?rest_route=\/wp\/v2\/posts\/31533\/revisions\/31535"}],"wp:featuredmedia":[{"embeddable":true,"href":"https:\/\/informativoelvalledeaguascalientes.online\/index.php?rest_route=\/wp\/v2\/media\/31534"}],"wp:attachment":[{"href":"https:\/\/informativoelvalledeaguascalientes.online\/index.php?rest_route=%2Fwp%2Fv2%2Fmedia&parent=31533"}],"wp:term":[{"taxonomy":"category","embeddable":true,"href":"https:\/\/informativoelvalledeaguascalientes.online\/index.php?rest_route=%2Fwp%2Fv2%2Fcategories&post=31533"},{"taxonomy":"post_tag","embeddable":true,"href":"https:\/\/informativoelvalledeaguascalientes.online\/index.php?rest_route=%2Fwp%2Fv2%2Ftags&post=31533"}],"curies":[{"name":"wp","href":"https:\/\/api.w.org\/{rel}","templated":true}]}}