{"id":31515,"date":"2022-05-26T22:13:20","date_gmt":"2022-05-27T04:13:20","guid":{"rendered":"https:\/\/informativoelvalledeaguascalientes.online\/?p=31515"},"modified":"2022-05-26T22:13:20","modified_gmt":"2022-05-27T04:13:20","slug":"iam-arranca-programa-de-capacitacion-y-actualizacion-a-personal-de-los-centros-de-desarrollo-para-las-mujeres","status":"publish","type":"post","link":"https:\/\/informativoelvalledeaguascalientes.online\/?p=31515","title":{"rendered":"IAM ARRANCA PROGRAMA DE CAPACITACI\u00d3N Y ACTUALIZACI\u00d3N A PERSONAL DE LOS CENTROS DE DESARROLLO PARA LAS MUJERES\u00a0"},"content":{"rendered":"<p style=\"font-weight: 400;\"><strong>#informativoelvalledeaguascalientes , #novaradioaguascalientes<br \/>\n<\/strong><\/p>\n<p style=\"font-weight: 400;\">\n<p style=\"font-weight: 400;\">El Instituto Aguascalentense de las Mujeres (IAM), dio inicio al programa de capacitaci\u00f3n y actualizaci\u00f3n en temas de identidad de g\u00e9nero, estereotipos, discriminaci\u00f3n por razones de g\u00e9nero, din\u00e1micas de poder y derechos humanos, a las y los abogados, personal de psicolog\u00eda y trabajo social, el cual tendr\u00e1 una duraci\u00f3n de 20 horas.<\/p>\n<p style=\"font-weight: 400;\">\n<p style=\"font-weight: 400;\">Esta capacitaci\u00f3n va dirigida a personas que atender\u00e1n los Centros de Desarrollo para las Mujeres (CDM) que operan en los municipios de Calvillo, Jes\u00fas Mar\u00eda, San Jos\u00e9 de Gracia, San Francisco de los Romo, El Llano, Pabell\u00f3n de Arteaga y Rinc\u00f3n de Romos.<\/p>\n<p style=\"font-weight: 400;\">\n<p style=\"font-weight: 400;\">Es importante destacar que los Centros para el Desarrollo de las Mujeres, contribuyen a la implementaci\u00f3n de la pol\u00edtica nacional de igualdad, y su funcionamiento exige la coordinaci\u00f3n entre los tres \u00f3rdenes de gobierno para fomentar el desarrollo integral de las mujeres a partir de la detecci\u00f3n de sus intereses y necesidades espec\u00edficas e impulsar su autonom\u00eda y empoderamiento.<\/p>\n","protected":false},"excerpt":{"rendered":"<p>#informativoelvalledeaguascalientes , #novaradioaguascalientes El Instituto Aguascalentense de las Mujeres (IAM), dio inicio al programa de capacitaci\u00f3n y actualizaci\u00f3n en temas de identidad de g\u00e9nero, estereotipos, discriminaci\u00f3n por razones de g\u00e9nero, din\u00e1micas de poder y derechos humanos, a las y los abogados, personal de psicolog\u00eda y trabajo social, el cual tendr\u00e1 una duraci\u00f3n de 20 horas. [&hellip;]<\/p>\n","protected":false},"author":1,"featured_media":31516,"comment_status":"closed","ping_status":"open","sticky":false,"template":"","format":"standard","meta":{"advanced_seo_description":"","jetpack_seo_html_title":"","jetpack_seo_noindex":false,"_jetpack_memberships_contains_paid_content":false,"footnotes":"","jetpack_publicize_message":"","jetpack_publicize_feature_enabled":true,"jetpack_social_post_already_shared":true,"jetpack_social_options":{"image_generator_settings":{"template":"highway","default_image_id":0,"font":"","enabled":false},"version":2}},"categories":[21,4],"tags":[22,57],"class_list":["post-31515","post","type-post","status-publish","format-standard","has-post-thumbnail","hentry","category-aguascalientes","category-gobierno-del-estado-aguascalientes","tag-aguascalientes","tag-iam"],"jetpack_publicize_connections":[],"jetpack_featured_media_url":"https:\/\/i0.wp.com\/informativoelvalledeaguascalientes.online\/wp-content\/uploads\/2022\/05\/IAM-CDM-03-scaled.jpg?fit=2560%2C1420&ssl=1","jetpack-related-posts":[],"jetpack_sharing_enabled":true,"jetpack_likes_enabled":true,"_links":{"self":[{"href":"https:\/\/informativoelvalledeaguascalientes.online\/index.php?rest_route=\/wp\/v2\/posts\/31515","targetHints":{"allow":["GET"]}}],"collection":[{"href":"https:\/\/informativoelvalledeaguascalientes.online\/index.php?rest_route=\/wp\/v2\/posts"}],"about":[{"href":"https:\/\/informativoelvalledeaguascalientes.online\/index.php?rest_route=\/wp\/v2\/types\/post"}],"author":[{"embeddable":true,"href":"https:\/\/informativoelvalledeaguascalientes.online\/index.php?rest_route=\/wp\/v2\/users\/1"}],"replies":[{"embeddable":true,"href":"https:\/\/informativoelvalledeaguascalientes.online\/index.php?rest_route=%2Fwp%2Fv2%2Fcomments&post=31515"}],"version-history":[{"count":1,"href":"https:\/\/informativoelvalledeaguascalientes.online\/index.php?rest_route=\/wp\/v2\/posts\/31515\/revisions"}],"predecessor-version":[{"id":31518,"href":"https:\/\/informativoelvalledeaguascalientes.online\/index.php?rest_route=\/wp\/v2\/posts\/31515\/revisions\/31518"}],"wp:featuredmedia":[{"embeddable":true,"href":"https:\/\/informativoelvalledeaguascalientes.online\/index.php?rest_route=\/wp\/v2\/media\/31516"}],"wp:attachment":[{"href":"https:\/\/informativoelvalledeaguascalientes.online\/index.php?rest_route=%2Fwp%2Fv2%2Fmedia&parent=31515"}],"wp:term":[{"taxonomy":"category","embeddable":true,"href":"https:\/\/informativoelvalledeaguascalientes.online\/index.php?rest_route=%2Fwp%2Fv2%2Fcategories&post=31515"},{"taxonomy":"post_tag","embeddable":true,"href":"https:\/\/informativoelvalledeaguascalientes.online\/index.php?rest_route=%2Fwp%2Fv2%2Ftags&post=31515"}],"curies":[{"name":"wp","href":"https:\/\/api.w.org\/{rel}","templated":true}]}}