{"id":31512,"date":"2022-05-26T22:08:25","date_gmt":"2022-05-27T04:08:25","guid":{"rendered":"https:\/\/informativoelvalledeaguascalientes.online\/?p=31512"},"modified":"2022-05-26T22:08:25","modified_gmt":"2022-05-27T04:08:25","slug":"conmemoracion-del-senor-del-salitre","status":"publish","type":"post","link":"https:\/\/informativoelvalledeaguascalientes.online\/?p=31512","title":{"rendered":"Conmemoraci\u00f3n del Se\u00f1or del Salitre"},"content":{"rendered":"<p>#informativoelvalledeaguascalientes , #novaradioaguascalientes<\/p>\n<p>\ud83c\udf8a\u271d\ufe0f\ud83c\udf8aEsta tarde se participa con alegr\u00eda en una de las expresiones de fe m\u00e1s importante de nuestro pueblo m\u00e1gico #Calvillo que logra reunir a miles de corazones en el tradicional recorrido del Se\u00f1or del Salitre.<\/p>\n<p>#FiestasDeMayo #Calvillo2022<\/p>\n","protected":false},"excerpt":{"rendered":"<p>#informativoelvalledeaguascalientes , #novaradioaguascalientes \ud83c\udf8a\u271d\ufe0f\ud83c\udf8aEsta tarde se participa con alegr\u00eda en una de las expresiones de fe m\u00e1s importante de nuestro pueblo m\u00e1gico #Calvillo que logra reunir a miles de corazones en el tradicional recorrido del Se\u00f1or del Salitre. #FiestasDeMayo #Calvillo2022<\/p>\n","protected":false},"author":1,"featured_media":31513,"comment_status":"closed","ping_status":"open","sticky":false,"template":"","format":"standard","meta":{"advanced_seo_description":"","jetpack_seo_html_title":"","jetpack_seo_noindex":false,"_jetpack_memberships_contains_paid_content":false,"footnotes":"","jetpack_publicize_message":"","jetpack_publicize_feature_enabled":true,"jetpack_social_post_already_shared":true,"jetpack_social_options":{"image_generator_settings":{"template":"highway","default_image_id":0,"font":"","enabled":false},"version":2}},"categories":[21,13],"tags":[22,88,29],"class_list":["post-31512","post","type-post","status-publish","format-standard","has-post-thumbnail","hentry","category-aguascalientes","category-calvillo-aguascalientes","tag-aguascalientes","tag-calvillo","tag-calvillo-aguascalientes"],"jetpack_publicize_connections":[],"jetpack_featured_media_url":"https:\/\/i0.wp.com\/informativoelvalledeaguascalientes.online\/wp-content\/uploads\/2022\/05\/b2f3d67b-f3ec-4081-b2e9-dae73ff8a4e9.jpg?fit=1080%2C772&ssl=1","jetpack-related-posts":[],"jetpack_sharing_enabled":true,"jetpack_likes_enabled":true,"_links":{"self":[{"href":"https:\/\/informativoelvalledeaguascalientes.online\/index.php?rest_route=\/wp\/v2\/posts\/31512","targetHints":{"allow":["GET"]}}],"collection":[{"href":"https:\/\/informativoelvalledeaguascalientes.online\/index.php?rest_route=\/wp\/v2\/posts"}],"about":[{"href":"https:\/\/informativoelvalledeaguascalientes.online\/index.php?rest_route=\/wp\/v2\/types\/post"}],"author":[{"embeddable":true,"href":"https:\/\/informativoelvalledeaguascalientes.online\/index.php?rest_route=\/wp\/v2\/users\/1"}],"replies":[{"embeddable":true,"href":"https:\/\/informativoelvalledeaguascalientes.online\/index.php?rest_route=%2Fwp%2Fv2%2Fcomments&post=31512"}],"version-history":[{"count":1,"href":"https:\/\/informativoelvalledeaguascalientes.online\/index.php?rest_route=\/wp\/v2\/posts\/31512\/revisions"}],"predecessor-version":[{"id":31514,"href":"https:\/\/informativoelvalledeaguascalientes.online\/index.php?rest_route=\/wp\/v2\/posts\/31512\/revisions\/31514"}],"wp:featuredmedia":[{"embeddable":true,"href":"https:\/\/informativoelvalledeaguascalientes.online\/index.php?rest_route=\/wp\/v2\/media\/31513"}],"wp:attachment":[{"href":"https:\/\/informativoelvalledeaguascalientes.online\/index.php?rest_route=%2Fwp%2Fv2%2Fmedia&parent=31512"}],"wp:term":[{"taxonomy":"category","embeddable":true,"href":"https:\/\/informativoelvalledeaguascalientes.online\/index.php?rest_route=%2Fwp%2Fv2%2Fcategories&post=31512"},{"taxonomy":"post_tag","embeddable":true,"href":"https:\/\/informativoelvalledeaguascalientes.online\/index.php?rest_route=%2Fwp%2Fv2%2Ftags&post=31512"}],"curies":[{"name":"wp","href":"https:\/\/api.w.org\/{rel}","templated":true}]}}