{"id":31498,"date":"2022-05-26T21:51:17","date_gmt":"2022-05-27T03:51:17","guid":{"rendered":"https:\/\/informativoelvalledeaguascalientes.online\/?p=31498"},"modified":"2022-05-26T21:51:17","modified_gmt":"2022-05-27T03:51:17","slug":"es-aguascalientes-sede-del-xxvii-encuentro-de-escoltas-y-bandas-de-guerra-del-tecnm","status":"publish","type":"post","link":"https:\/\/informativoelvalledeaguascalientes.online\/?p=31498","title":{"rendered":"ES AGUASCALIENTES SEDE DEL XXVII ENCUENTRO DE ESCOLTAS Y BANDAS DE GUERRA DEL TECNM"},"content":{"rendered":"<p><strong>#informativoelvalledeaguascalientes , #novaradioaguascalientes<\/strong><\/p>\n<p style=\"font-weight: 400;\">\n<ul style=\"font-weight: 400;\">\n<li><strong><em>El orden, la disciplina, el respeto y el trabajo en equipo, son el armamento que ayuda a combatir flagelos que actualmente agravian a la sociedad: U<\/em><\/strong><\/li>\n<li><strong><em>En el evento participan 18 bandas de guerra y escoltas integradas por estudiantes de diferentes campus del TECNM en el pa\u00eds<\/em><\/strong><\/li>\n<li><strong><em>Luego de 27 a\u00f1os, Aguascalientes volvi\u00f3 a ser sede de este evento que promueve los valores c\u00edvicos y el respeto a los s\u00edmbolos patrios<\/em><\/strong><\/li>\n<\/ul>\n<p style=\"font-weight: 400;\">\n<p style=\"font-weight: 400;\">El orden, la disciplina, el respeto, la colaboraci\u00f3n, el entendimiento y el trabajo en equipo, son el armamento que nos ayuda a combatir los flagelos que actualmente agravian a nuestra sociedad, sostuvo el director general del Instituto de Educaci\u00f3n de Aguascalientes, Ulises Reyes Esparza.<\/p>\n<p style=\"font-weight: 400;\">Al inaugurar el XXVII Evento Nacional de Escoltas y Bandas de Guerra del Tecnol\u00f3gico Nacional de M\u00e9xico con la representaci\u00f3n del gobernador Mart\u00edn Orozco Sandoval, Reyes Esparza dio la bienvenida a las 18 Bandas de Guerra y Escoltas que participan en este encuentro y que se integran por estudiantes de diferentes campus del TECNM en el pa\u00eds.<\/p>\n<p style=\"font-weight: 400;\">El director general del IEA destac\u00f3 que la organizaci\u00f3n de este tipo de eventos sin duda contribuye al fomento de los valores c\u00edvicos, patri\u00f3ticos y democr\u00e1ticos, que son los que nos dan sentido de identidad y pertenencia como sociedad.<\/p>\n<p style=\"font-weight: 400;\">Durante el evento que se celebr\u00f3 en la Plaza de la Patria y en el que tambi\u00e9n estuvieron presentes autoridades civiles y militares, Jes\u00fas Mario Flores Verduzco, director del Campus Aguascalientes del TECNM, inform\u00f3 que este evento se realiza en el marco de los 100 a\u00f1os de la Secretar\u00eda de Educaci\u00f3n P\u00fablica y el 55 Aniversario del Instituto Tecnol\u00f3gico de Aguascalientes.<\/p>\n<p style=\"font-weight: 400;\">Inform\u00f3 que luego de 27 a\u00f1os, Aguascalientes volvi\u00f3 a ser sede de este importante evento que promueve los valores c\u00edvicos y el respeto a los s\u00edmbolos patrios, y que hoy alberga a 18 bandas de guerra que representan a los 254 campus y centros del Tecnol\u00f3gico Nacional de M\u00e9xico, y a una comunidad estudiantil de m\u00e1s de 600 mil alumnas y alumnos de todo el pa\u00eds.<\/p>\n<p style=\"font-weight: 400;\">\u00a0En el evento tambi\u00e9n estuvieron presentes Leonardo Monta\u00f1ez Castro, presidente municipal de Aguascalientes; presidente del Cl\u00faster Industrial de Aguascalientes, Pedro Hugo Garc\u00eda Gonz\u00e1lez; Adri\u00e1n Gerardo Rodr\u00edguez S\u00e1nchez, titular de la Oficina de Enlace de la Secretar\u00eda de Educaci\u00f3n P\u00fablica en Aguascalientes; entre otras autoridades.<\/p>\n","protected":false},"excerpt":{"rendered":"<p>#informativoelvalledeaguascalientes , #novaradioaguascalientes El orden, la disciplina, el respeto y el trabajo en equipo, son el armamento que ayuda a combatir flagelos que actualmente agravian a la sociedad: U En el evento participan 18 bandas de guerra y escoltas integradas por estudiantes de diferentes campus del TECNM en el pa\u00eds Luego de 27 a\u00f1os, Aguascalientes [&hellip;]<\/p>\n","protected":false},"author":1,"featured_media":31500,"comment_status":"closed","ping_status":"open","sticky":false,"template":"","format":"standard","meta":{"advanced_seo_description":"","jetpack_seo_html_title":"","jetpack_seo_noindex":false,"_jetpack_memberships_contains_paid_content":false,"footnotes":"","jetpack_publicize_message":"","jetpack_publicize_feature_enabled":true,"jetpack_social_post_already_shared":true,"jetpack_social_options":{"image_generator_settings":{"template":"highway","default_image_id":0,"font":"","enabled":false},"version":2}},"categories":[21,4],"tags":[22,39],"class_list":["post-31498","post","type-post","status-publish","format-standard","has-post-thumbnail","hentry","category-aguascalientes","category-gobierno-del-estado-aguascalientes","tag-aguascalientes","tag-iea"],"jetpack_publicize_connections":[],"jetpack_featured_media_url":"https:\/\/i0.wp.com\/informativoelvalledeaguascalientes.online\/wp-content\/uploads\/2022\/05\/EVENTO-BANDAS-DE-GUERRA-Y-ESCOLTA-6.jpeg?fit=1280%2C853&ssl=1","jetpack-related-posts":[],"jetpack_sharing_enabled":true,"jetpack_likes_enabled":true,"_links":{"self":[{"href":"https:\/\/informativoelvalledeaguascalientes.online\/index.php?rest_route=\/wp\/v2\/posts\/31498","targetHints":{"allow":["GET"]}}],"collection":[{"href":"https:\/\/informativoelvalledeaguascalientes.online\/index.php?rest_route=\/wp\/v2\/posts"}],"about":[{"href":"https:\/\/informativoelvalledeaguascalientes.online\/index.php?rest_route=\/wp\/v2\/types\/post"}],"author":[{"embeddable":true,"href":"https:\/\/informativoelvalledeaguascalientes.online\/index.php?rest_route=\/wp\/v2\/users\/1"}],"replies":[{"embeddable":true,"href":"https:\/\/informativoelvalledeaguascalientes.online\/index.php?rest_route=%2Fwp%2Fv2%2Fcomments&post=31498"}],"version-history":[{"count":1,"href":"https:\/\/informativoelvalledeaguascalientes.online\/index.php?rest_route=\/wp\/v2\/posts\/31498\/revisions"}],"predecessor-version":[{"id":31501,"href":"https:\/\/informativoelvalledeaguascalientes.online\/index.php?rest_route=\/wp\/v2\/posts\/31498\/revisions\/31501"}],"wp:featuredmedia":[{"embeddable":true,"href":"https:\/\/informativoelvalledeaguascalientes.online\/index.php?rest_route=\/wp\/v2\/media\/31500"}],"wp:attachment":[{"href":"https:\/\/informativoelvalledeaguascalientes.online\/index.php?rest_route=%2Fwp%2Fv2%2Fmedia&parent=31498"}],"wp:term":[{"taxonomy":"category","embeddable":true,"href":"https:\/\/informativoelvalledeaguascalientes.online\/index.php?rest_route=%2Fwp%2Fv2%2Fcategories&post=31498"},{"taxonomy":"post_tag","embeddable":true,"href":"https:\/\/informativoelvalledeaguascalientes.online\/index.php?rest_route=%2Fwp%2Fv2%2Ftags&post=31498"}],"curies":[{"name":"wp","href":"https:\/\/api.w.org\/{rel}","templated":true}]}}