{"id":31496,"date":"2022-05-26T21:49:00","date_gmt":"2022-05-27T03:49:00","guid":{"rendered":"https:\/\/informativoelvalledeaguascalientes.online\/?p=31496"},"modified":"2022-05-26T21:49:00","modified_gmt":"2022-05-27T03:49:00","slug":"aviso-vial-10","status":"publish","type":"post","link":"https:\/\/informativoelvalledeaguascalientes.online\/?p=31496","title":{"rendered":"AVISO VIAL"},"content":{"rendered":"<p style=\"font-weight: 400;\"><strong>#informativoelvalledeaguascalientes , #novaradioaguascalientes<\/strong><\/p>\n<p style=\"font-weight: 400;\">\n<p style=\"font-weight: 400;\">La Secretar\u00eda de Obras P\u00fablicas del Estado informa a la poblaci\u00f3n en general, as\u00ed como a conductores que iniciar\u00e1n los trabajos de rehabilitaci\u00f3n de carpeta asf\u00e1ltica en Av. Aguascalientes en su tramo de\u00a0<em>Calle Ignacio Valtierra-Mariano Escobedo-Av. Arqueros as\u00ed como Cotorinas-Av. Paseo de Ojocaliente<\/em>, esto se realiza dentro del programa de conservaci\u00f3n que lleva a cabo el Gobierno del Estado.<\/p>\n<p style=\"font-weight: 400;\">\n<p style=\"font-weight: 400;\">Se pide tomar rutas alternas y manejar a baja velocidad, ya que se tendr\u00e1 presencia de maquinaria y personal en la zona<\/p>\n","protected":false},"excerpt":{"rendered":"<p>#informativoelvalledeaguascalientes , #novaradioaguascalientes La Secretar\u00eda de Obras P\u00fablicas del Estado informa a la poblaci\u00f3n en general, as\u00ed como a conductores que iniciar\u00e1n los trabajos de rehabilitaci\u00f3n de carpeta asf\u00e1ltica en Av. Aguascalientes en su tramo de\u00a0Calle Ignacio Valtierra-Mariano Escobedo-Av. Arqueros as\u00ed como Cotorinas-Av. Paseo de Ojocaliente, esto se realiza dentro del programa de conservaci\u00f3n que [&hellip;]<\/p>\n","protected":false},"author":1,"featured_media":31497,"comment_status":"closed","ping_status":"open","sticky":false,"template":"","format":"standard","meta":{"advanced_seo_description":"","jetpack_seo_html_title":"","jetpack_seo_noindex":false,"_jetpack_memberships_contains_paid_content":false,"footnotes":"","jetpack_publicize_message":"","jetpack_publicize_feature_enabled":true,"jetpack_social_post_already_shared":true,"jetpack_social_options":{"image_generator_settings":{"template":"highway","default_image_id":0,"font":"","enabled":false},"version":2}},"categories":[21,4],"tags":[22,46],"class_list":["post-31496","post","type-post","status-publish","format-standard","has-post-thumbnail","hentry","category-aguascalientes","category-gobierno-del-estado-aguascalientes","tag-aguascalientes","tag-sop"],"jetpack_publicize_connections":[],"jetpack_featured_media_url":"https:\/\/i0.wp.com\/informativoelvalledeaguascalientes.online\/wp-content\/uploads\/2022\/05\/AVISO-VIAL-AV-AGS.jpg?fit=1051%2C462&ssl=1","jetpack-related-posts":[],"jetpack_sharing_enabled":true,"jetpack_likes_enabled":true,"_links":{"self":[{"href":"https:\/\/informativoelvalledeaguascalientes.online\/index.php?rest_route=\/wp\/v2\/posts\/31496","targetHints":{"allow":["GET"]}}],"collection":[{"href":"https:\/\/informativoelvalledeaguascalientes.online\/index.php?rest_route=\/wp\/v2\/posts"}],"about":[{"href":"https:\/\/informativoelvalledeaguascalientes.online\/index.php?rest_route=\/wp\/v2\/types\/post"}],"author":[{"embeddable":true,"href":"https:\/\/informativoelvalledeaguascalientes.online\/index.php?rest_route=\/wp\/v2\/users\/1"}],"replies":[{"embeddable":true,"href":"https:\/\/informativoelvalledeaguascalientes.online\/index.php?rest_route=%2Fwp%2Fv2%2Fcomments&post=31496"}],"version-history":[{"count":1,"href":"https:\/\/informativoelvalledeaguascalientes.online\/index.php?rest_route=\/wp\/v2\/posts\/31496\/revisions"}],"predecessor-version":[{"id":31499,"href":"https:\/\/informativoelvalledeaguascalientes.online\/index.php?rest_route=\/wp\/v2\/posts\/31496\/revisions\/31499"}],"wp:featuredmedia":[{"embeddable":true,"href":"https:\/\/informativoelvalledeaguascalientes.online\/index.php?rest_route=\/wp\/v2\/media\/31497"}],"wp:attachment":[{"href":"https:\/\/informativoelvalledeaguascalientes.online\/index.php?rest_route=%2Fwp%2Fv2%2Fmedia&parent=31496"}],"wp:term":[{"taxonomy":"category","embeddable":true,"href":"https:\/\/informativoelvalledeaguascalientes.online\/index.php?rest_route=%2Fwp%2Fv2%2Fcategories&post=31496"},{"taxonomy":"post_tag","embeddable":true,"href":"https:\/\/informativoelvalledeaguascalientes.online\/index.php?rest_route=%2Fwp%2Fv2%2Ftags&post=31496"}],"curies":[{"name":"wp","href":"https:\/\/api.w.org\/{rel}","templated":true}]}}