{"id":31430,"date":"2022-05-25T17:59:13","date_gmt":"2022-05-25T23:59:13","guid":{"rendered":"https:\/\/informativoelvalledeaguascalientes.online\/?p=31430"},"modified":"2022-05-25T17:59:13","modified_gmt":"2022-05-25T23:59:13","slug":"congreso-de-aguascalientes-busca-consolidar-mecanismos-en-materia-de-desarrollo-social","status":"publish","type":"post","link":"https:\/\/informativoelvalledeaguascalientes.online\/?p=31430","title":{"rendered":"CONGRESO DE AGUASCALIENTES BUSCA CONSOLIDAR MECANISMOS EN MATERIA DE DESARROLLO SOCIAL"},"content":{"rendered":"<p><strong>#informativoelvalledeaguascalientes , #novaradioaguascalientes<\/strong><\/p>\n<p><strong>\u00a0<\/strong><\/p>\n<p>La presidenta de la comisi\u00f3n de Desarrollo Social de la LXV Legislatura del Congreso de Aguascalientes, Laura Ponce, encabez\u00f3 los trabajos de la sesi\u00f3n ordinaria, en conjunto con las y los diputados integrantes Mar\u00eda de Jes\u00fas D\u00edaz, Fernando Marmolejo, Juanjo Hern\u00e1ndez y Arturo Pi\u00f1a; quienes analizaron iniciativas de reforma a diversos art\u00edculos de la Ley de Desarrollo Social para el Estado.<\/p>\n<p>&nbsp;<\/p>\n<p>Lo anterior consiste esencialmente en asegurar el acceso de toda la poblaci\u00f3n, al desarrollo social y humano, garantizando las condiciones econ\u00f3micas, sociales, culturales y pol\u00edticas que favorezcan integralmente este rubro; asimismo, se incluye como parte de los principios que rigen la ley, as\u00ed como la inclusi\u00f3n de pol\u00edticas p\u00fablicas relativas al desarrollo sustentable, atenci\u00f3n a grupos vulnerables, y la igualdad de g\u00e9nero, para guardar congruencia con los instrumentos nacionales e internacionales en materia de desarrollo social.<\/p>\n<p>&nbsp;<\/p>\n<p>Por lo anteriormente expuesto, en la \u00a0comisi\u00f3n de Desarrollo Social el Proyecto de Decreto qued\u00f3 propuesto en los t\u00e9rminos normativos siguientes:<\/p>\n<p>&nbsp;<\/p>\n<p>ART\u00cdCULO \u00daNICO. &#8211; Se REFORMAN la fracci\u00f3n I del Art\u00edculo 1\u00ba; la fracci\u00f3n VIII del Art\u00edculo 35, y el segundo p\u00e1rrafo del Art\u00edculo 80; asimismo se ADICIONAN las fracciones VI, VIl y VIII del Art\u00edculo 25, a la Ley de Desarrollo Social para el Estado de Aguascalientes, para quedar como sigue:<\/p>\n<p>&nbsp;<\/p>\n<p>Art\u00edculo 1\u00ba.-<\/p>\n<ol>\n<li>Promover y garantizar a los habitantes del Estado el pleno ejercicio de los derechos sociales consagrados en la Constituci\u00f3n Pol\u00edtica de los Estados Unidos Mexicanos, en Tratados Internacionales, en la Constituci\u00f3n Pol\u00edtica del Estado de Aguascalientes y en la Ley General de Desarrollo Social, asegurando el acceso de toda la poblaci\u00f3n al desarrollo social y humano.<\/li>\n<\/ol>\n<p>&nbsp;<\/p>\n<p>Finalmente, el Proyecto de Decreto, ser\u00e1 turnado a la Junta de Coordinaci\u00f3n Pol\u00edtica (JUCOPO), para su tr\u00e1mite correspondiente.<\/p>\n","protected":false},"excerpt":{"rendered":"<p>#informativoelvalledeaguascalientes , #novaradioaguascalientes \u00a0 La presidenta de la comisi\u00f3n de Desarrollo Social de la LXV Legislatura del Congreso de Aguascalientes, Laura Ponce, encabez\u00f3 los trabajos de la sesi\u00f3n ordinaria, en conjunto con las y los diputados integrantes Mar\u00eda de Jes\u00fas D\u00edaz, Fernando Marmolejo, Juanjo Hern\u00e1ndez y Arturo Pi\u00f1a; quienes analizaron iniciativas de reforma a diversos [&hellip;]<\/p>\n","protected":false},"author":1,"featured_media":31432,"comment_status":"closed","ping_status":"open","sticky":false,"template":"","format":"standard","meta":{"advanced_seo_description":"","jetpack_seo_html_title":"","jetpack_seo_noindex":false,"_jetpack_memberships_contains_paid_content":false,"footnotes":"","jetpack_publicize_message":"","jetpack_publicize_feature_enabled":true,"jetpack_social_post_already_shared":true,"jetpack_social_options":{"image_generator_settings":{"template":"highway","default_image_id":0,"font":"","enabled":false},"version":2}},"categories":[21,5],"tags":[22,520],"class_list":["post-31430","post","type-post","status-publish","format-standard","has-post-thumbnail","hentry","category-aguascalientes","category-h-congreso-del-estado-aguascalientes","tag-aguascalientes","tag-lxv-legislatura-aguascalientes"],"jetpack_publicize_connections":[],"jetpack_featured_media_url":"https:\/\/i0.wp.com\/informativoelvalledeaguascalientes.online\/wp-content\/uploads\/2022\/05\/DSC_2993.jpg?fit=994%2C568&ssl=1","jetpack-related-posts":[],"jetpack_sharing_enabled":true,"jetpack_likes_enabled":true,"_links":{"self":[{"href":"https:\/\/informativoelvalledeaguascalientes.online\/index.php?rest_route=\/wp\/v2\/posts\/31430","targetHints":{"allow":["GET"]}}],"collection":[{"href":"https:\/\/informativoelvalledeaguascalientes.online\/index.php?rest_route=\/wp\/v2\/posts"}],"about":[{"href":"https:\/\/informativoelvalledeaguascalientes.online\/index.php?rest_route=\/wp\/v2\/types\/post"}],"author":[{"embeddable":true,"href":"https:\/\/informativoelvalledeaguascalientes.online\/index.php?rest_route=\/wp\/v2\/users\/1"}],"replies":[{"embeddable":true,"href":"https:\/\/informativoelvalledeaguascalientes.online\/index.php?rest_route=%2Fwp%2Fv2%2Fcomments&post=31430"}],"version-history":[{"count":1,"href":"https:\/\/informativoelvalledeaguascalientes.online\/index.php?rest_route=\/wp\/v2\/posts\/31430\/revisions"}],"predecessor-version":[{"id":31434,"href":"https:\/\/informativoelvalledeaguascalientes.online\/index.php?rest_route=\/wp\/v2\/posts\/31430\/revisions\/31434"}],"wp:featuredmedia":[{"embeddable":true,"href":"https:\/\/informativoelvalledeaguascalientes.online\/index.php?rest_route=\/wp\/v2\/media\/31432"}],"wp:attachment":[{"href":"https:\/\/informativoelvalledeaguascalientes.online\/index.php?rest_route=%2Fwp%2Fv2%2Fmedia&parent=31430"}],"wp:term":[{"taxonomy":"category","embeddable":true,"href":"https:\/\/informativoelvalledeaguascalientes.online\/index.php?rest_route=%2Fwp%2Fv2%2Fcategories&post=31430"},{"taxonomy":"post_tag","embeddable":true,"href":"https:\/\/informativoelvalledeaguascalientes.online\/index.php?rest_route=%2Fwp%2Fv2%2Ftags&post=31430"}],"curies":[{"name":"wp","href":"https:\/\/api.w.org\/{rel}","templated":true}]}}