{"id":31427,"date":"2022-05-25T17:50:59","date_gmt":"2022-05-25T23:50:59","guid":{"rendered":"https:\/\/informativoelvalledeaguascalientes.online\/?p=31427"},"modified":"2022-05-25T17:50:59","modified_gmt":"2022-05-25T23:50:59","slug":"diputados-impulsan-iniciativa-para-que-organizaciones-civiles-propongan-nombramiento-del-comisionad-estatatal-para-la-busqueda-de-personas-desaparecidas","status":"publish","type":"post","link":"https:\/\/informativoelvalledeaguascalientes.online\/?p=31427","title":{"rendered":"DIPUTADO@S IMPULSAN INICIATIVA PARA QUE ORGANIZACIONES CIVILES PROPONGAN NOMBRAMIENTO DEL COMISIONAD@ ESTATATAL PARA LA B\u00daSQUEDA DE PERSONAS DESAPARECIDAS"},"content":{"rendered":"<p><strong>#informativoelvalledeaguascalientes , #novaradioaguascalientes<\/strong><\/p>\n<p>Este mi\u00e9rcoles, en sesi\u00f3n ordinaria la Comisi\u00f3n de Lucha Contra La Trata de Personas del Congreso de Aguascalientes, que encabeza el diputado Fernando Marmolejo, aprob\u00f3 el dictamen a trav\u00e9s del cual se busca reformar la Ley para la Atenci\u00f3n y Prevenci\u00f3n de la Desaparici\u00f3n de Personas del Estado de Aguascalientes, con el prop\u00f3sito de que en el proceso de nombramiento del titular de la Comisi\u00f3n estatal de B\u00fasqueda de Personas Desaparecidas, la Secretar\u00eda General de Gobierno tome en cuenta la opini\u00f3n de organizaciones civiles y expertos en la materia.<\/p>\n<p>&nbsp;<\/p>\n<p>Al respecto, una de las promotoras de esta propuesta, diputada Juanis Mart\u00ednez, subray\u00f3 la trascendencia de la participaci\u00f3n de la sociedad civil organizada en este procedimiento de designaci\u00f3n de tan importante y sensible cargo.<\/p>\n<p>&nbsp;<\/p>\n<p>La legisladora destac\u00f3 que es apremiante incluir aportaciones de las Organizaciones de la Sociedad Civil (OSC\u00b4S), \u201cpues sus integrantes son los que a diario llevan el seguimiento de cada lamentable caso y conocen muy bien los mecanismos que deben implementarse para iniciar una b\u00fasqueda; y esto fortalecer\u00e1 a\u00fan m\u00e1s la coordinaci\u00f3n con las autoridades\u201d.<\/p>\n<p>&nbsp;<\/p>\n<p>En este sentido, Fernando Marmolejo indic\u00f3 que el dictamen fue turnado a la Junta de Coordinaci\u00f3n Pol\u00edtica de la LXV Legislatura, con el objeto que se delibere su inclusi\u00f3n en el inventario de asuntos por desahogar ante el Pleno.<\/p>\n<p>&nbsp;<\/p>\n<p>Adem\u00e1s de los ya mencionado@s, se cont\u00f3 con la participaci\u00f3n de las diputadas Vero Romo, Laura Ponce y Nancy Mac\u00edas, quienes fungen como secretaria y vocales, en ese orden, de la Comisi\u00f3n de Lucha Contra la Trata de Personas.<\/p>\n","protected":false},"excerpt":{"rendered":"<p>#informativoelvalledeaguascalientes , #novaradioaguascalientes Este mi\u00e9rcoles, en sesi\u00f3n ordinaria la Comisi\u00f3n de Lucha Contra La Trata de Personas del Congreso de Aguascalientes, que encabeza el diputado Fernando Marmolejo, aprob\u00f3 el dictamen a trav\u00e9s del cual se busca reformar la Ley para la Atenci\u00f3n y Prevenci\u00f3n de la Desaparici\u00f3n de Personas del Estado de Aguascalientes, con el [&hellip;]<\/p>\n","protected":false},"author":1,"featured_media":31428,"comment_status":"closed","ping_status":"open","sticky":false,"template":"","format":"standard","meta":{"advanced_seo_description":"","jetpack_seo_html_title":"","jetpack_seo_noindex":false,"_jetpack_memberships_contains_paid_content":false,"footnotes":"","jetpack_publicize_message":"","jetpack_publicize_feature_enabled":true,"jetpack_social_post_already_shared":true,"jetpack_social_options":{"image_generator_settings":{"template":"highway","default_image_id":0,"font":"","enabled":false},"version":2}},"categories":[21,5],"tags":[22,520],"class_list":["post-31427","post","type-post","status-publish","format-standard","has-post-thumbnail","hentry","category-aguascalientes","category-h-congreso-del-estado-aguascalientes","tag-aguascalientes","tag-lxv-legislatura-aguascalientes"],"jetpack_publicize_connections":[],"jetpack_featured_media_url":"https:\/\/i0.wp.com\/informativoelvalledeaguascalientes.online\/wp-content\/uploads\/2022\/05\/DSC_3103.jpg?fit=905%2C568&ssl=1","jetpack-related-posts":[],"jetpack_sharing_enabled":true,"jetpack_likes_enabled":true,"_links":{"self":[{"href":"https:\/\/informativoelvalledeaguascalientes.online\/index.php?rest_route=\/wp\/v2\/posts\/31427","targetHints":{"allow":["GET"]}}],"collection":[{"href":"https:\/\/informativoelvalledeaguascalientes.online\/index.php?rest_route=\/wp\/v2\/posts"}],"about":[{"href":"https:\/\/informativoelvalledeaguascalientes.online\/index.php?rest_route=\/wp\/v2\/types\/post"}],"author":[{"embeddable":true,"href":"https:\/\/informativoelvalledeaguascalientes.online\/index.php?rest_route=\/wp\/v2\/users\/1"}],"replies":[{"embeddable":true,"href":"https:\/\/informativoelvalledeaguascalientes.online\/index.php?rest_route=%2Fwp%2Fv2%2Fcomments&post=31427"}],"version-history":[{"count":1,"href":"https:\/\/informativoelvalledeaguascalientes.online\/index.php?rest_route=\/wp\/v2\/posts\/31427\/revisions"}],"predecessor-version":[{"id":31429,"href":"https:\/\/informativoelvalledeaguascalientes.online\/index.php?rest_route=\/wp\/v2\/posts\/31427\/revisions\/31429"}],"wp:featuredmedia":[{"embeddable":true,"href":"https:\/\/informativoelvalledeaguascalientes.online\/index.php?rest_route=\/wp\/v2\/media\/31428"}],"wp:attachment":[{"href":"https:\/\/informativoelvalledeaguascalientes.online\/index.php?rest_route=%2Fwp%2Fv2%2Fmedia&parent=31427"}],"wp:term":[{"taxonomy":"category","embeddable":true,"href":"https:\/\/informativoelvalledeaguascalientes.online\/index.php?rest_route=%2Fwp%2Fv2%2Fcategories&post=31427"},{"taxonomy":"post_tag","embeddable":true,"href":"https:\/\/informativoelvalledeaguascalientes.online\/index.php?rest_route=%2Fwp%2Fv2%2Ftags&post=31427"}],"curies":[{"name":"wp","href":"https:\/\/api.w.org\/{rel}","templated":true}]}}