{"id":31424,"date":"2022-05-25T17:46:14","date_gmt":"2022-05-25T23:46:14","guid":{"rendered":"https:\/\/informativoelvalledeaguascalientes.online\/?p=31424"},"modified":"2022-05-25T17:46:14","modified_gmt":"2022-05-25T23:46:14","slug":"sanciones-mas-severas-por-amenazas-contra-periodistas","status":"publish","type":"post","link":"https:\/\/informativoelvalledeaguascalientes.online\/?p=31424","title":{"rendered":"SANCIONES M\u00c1S SEVERAS POR AMENAZAS CONTRA PERIODISTAS"},"content":{"rendered":"<p><strong>#informativoelvalledeaguascalientes , #novaradioaguascalientes<\/strong><\/p>\n<p>\u2022 Nancy Guti\u00e9rrez propone agravantes contra quien amenace a periodistas y reporteros gr\u00e1ficos, adem\u00e1s que el delito se persiga de oficio.<br \/>\n\u2022 En los casos generales, las amenazas podr\u00e1n ser perdonadas y coadyuvar\u00eda a descongestionar el sistema de justicia penal.<\/p>\n<p>Por medio de la modificaci\u00f3n al C\u00f3digo Penal, la Diputada Local del Partido Acci\u00f3n Nacional (PAN), Nancy Guti\u00e9rrez, pretende que el delito de amenaza deje de perseguirse de oficio en todos los casos, solamente aplicar\u00eda para aquellos en los que periodistas y reporteros gr\u00e1ficos est\u00e9n involucrados y el delito tendr\u00e1 agravantes que se traducen en sanciones desde los 6 meses hasta los 2 a\u00f1os de prisi\u00f3n y de 90 a 180 d\u00edas de multa, as\u00ed como la reparaci\u00f3n total de los da\u00f1os y perjuicios.<\/p>\n<p>Explic\u00f3 que, \u201cla iniciativa propone la inclusi\u00f3n del tipo penal de amenazas dentro del cat\u00e1logo de los hechos punibles de querella, con lo que se coadyuvar\u00e1 en la descongesti\u00f3n del sistema de justicia penal, ya que actualmente se encuentran m\u00faltiples procesos por este tipo penal y no encuentran soluci\u00f3n de manera f\u00e1cil, en tanto que no admiten un acuerdo reparatorio, siendo que el perd\u00f3n de la v\u00edctima podr\u00eda terminar de inmediato asuntos de esa naturaleza\u201d.<\/p>\n<p>Por otro lado, queda establecida la propuesta de agravar el delito de amenazas e incrementar, por ende, sus sanciones, cuando sea cometido en contra de v\u00edctimas, ofendidos o testigos dentro de un procedimiento penal o en contra de periodistas o reporteros gr\u00e1ficos. La legisladora puntualiz\u00f3 que as\u00ed se busca procurar la protecci\u00f3n de este grupo de profesionistas, como una acci\u00f3n requerida en todo el pa\u00eds.<br \/>\nNancy Guti\u00e9rrez invit\u00f3 a las y los legisladores a sumarse para llevar estos beneficios al sistema de justicia local y traducirlos tambi\u00e9n en la seguridad de quienes ejercen el oficio y profesi\u00f3n de la comunicaci\u00f3n.<br \/>\nEn el estado de Aguascalientes, durante el 2020, se presentaron m\u00e1s de 3 mil denuncias por el delito de amenazas, seg\u00fan datos del Sistema Nacional de Seguridad P\u00fablica.<\/p>\n","protected":false},"excerpt":{"rendered":"<p>#informativoelvalledeaguascalientes , #novaradioaguascalientes \u2022 Nancy Guti\u00e9rrez propone agravantes contra quien amenace a periodistas y reporteros gr\u00e1ficos, adem\u00e1s que el delito se persiga de oficio. \u2022 En los casos generales, las amenazas podr\u00e1n ser perdonadas y coadyuvar\u00eda a descongestionar el sistema de justicia penal. Por medio de la modificaci\u00f3n al C\u00f3digo Penal, la Diputada Local del [&hellip;]<\/p>\n","protected":false},"author":1,"featured_media":31425,"comment_status":"closed","ping_status":"open","sticky":false,"template":"","format":"standard","meta":{"advanced_seo_description":"","jetpack_seo_html_title":"","jetpack_seo_noindex":false,"_jetpack_memberships_contains_paid_content":false,"footnotes":"","jetpack_publicize_message":"","jetpack_publicize_feature_enabled":true,"jetpack_social_post_already_shared":true,"jetpack_social_options":{"image_generator_settings":{"template":"highway","default_image_id":0,"font":"","enabled":false},"version":2}},"categories":[21,5],"tags":[22,520],"class_list":["post-31424","post","type-post","status-publish","format-standard","has-post-thumbnail","hentry","category-aguascalientes","category-h-congreso-del-estado-aguascalientes","tag-aguascalientes","tag-lxv-legislatura-aguascalientes"],"jetpack_publicize_connections":[],"jetpack_featured_media_url":"https:\/\/i0.wp.com\/informativoelvalledeaguascalientes.online\/wp-content\/uploads\/2022\/05\/5faf6dfc-6927-48a2-a300-9ff463625e55.jpg?fit=1392%2C928&ssl=1","jetpack-related-posts":[],"jetpack_sharing_enabled":true,"jetpack_likes_enabled":true,"_links":{"self":[{"href":"https:\/\/informativoelvalledeaguascalientes.online\/index.php?rest_route=\/wp\/v2\/posts\/31424","targetHints":{"allow":["GET"]}}],"collection":[{"href":"https:\/\/informativoelvalledeaguascalientes.online\/index.php?rest_route=\/wp\/v2\/posts"}],"about":[{"href":"https:\/\/informativoelvalledeaguascalientes.online\/index.php?rest_route=\/wp\/v2\/types\/post"}],"author":[{"embeddable":true,"href":"https:\/\/informativoelvalledeaguascalientes.online\/index.php?rest_route=\/wp\/v2\/users\/1"}],"replies":[{"embeddable":true,"href":"https:\/\/informativoelvalledeaguascalientes.online\/index.php?rest_route=%2Fwp%2Fv2%2Fcomments&post=31424"}],"version-history":[{"count":1,"href":"https:\/\/informativoelvalledeaguascalientes.online\/index.php?rest_route=\/wp\/v2\/posts\/31424\/revisions"}],"predecessor-version":[{"id":31426,"href":"https:\/\/informativoelvalledeaguascalientes.online\/index.php?rest_route=\/wp\/v2\/posts\/31424\/revisions\/31426"}],"wp:featuredmedia":[{"embeddable":true,"href":"https:\/\/informativoelvalledeaguascalientes.online\/index.php?rest_route=\/wp\/v2\/media\/31425"}],"wp:attachment":[{"href":"https:\/\/informativoelvalledeaguascalientes.online\/index.php?rest_route=%2Fwp%2Fv2%2Fmedia&parent=31424"}],"wp:term":[{"taxonomy":"category","embeddable":true,"href":"https:\/\/informativoelvalledeaguascalientes.online\/index.php?rest_route=%2Fwp%2Fv2%2Fcategories&post=31424"},{"taxonomy":"post_tag","embeddable":true,"href":"https:\/\/informativoelvalledeaguascalientes.online\/index.php?rest_route=%2Fwp%2Fv2%2Ftags&post=31424"}],"curies":[{"name":"wp","href":"https:\/\/api.w.org\/{rel}","templated":true}]}}