{"id":31377,"date":"2022-05-24T21:09:34","date_gmt":"2022-05-25T03:09:34","guid":{"rendered":"https:\/\/informativoelvalledeaguascalientes.online\/?p=31377"},"modified":"2022-05-24T21:09:34","modified_gmt":"2022-05-25T03:09:34","slug":"aguascalientes-tendra-cobertura-universal-en-servicios-de-salud-tere-jimenez","status":"publish","type":"post","link":"https:\/\/informativoelvalledeaguascalientes.online\/?p=31377","title":{"rendered":"\u201cAGUASCALIENTES TENDR\u00c1 COBERTURA UNIVERSAL EN SERVICIOS DE SALUD\u201d: TERE JIM\u00c9NEZ"},"content":{"rendered":"<p><strong>#informativoelvalledeaguascalientes , #novaradioaguascalientes<br \/>\n<\/strong><br \/>\n\u2022 Se ampliar\u00e1 la capacidad de funcionamiento del Hospital Hidalgo y se consolidar\u00e1 el de Pabell\u00f3n de Arteaga<\/p>\n<p>\u2022 Se dignificar\u00e1n los servicios de salud para que todas y todos tengan una mejor calidad de vida<\/p>\n<p>\u2022 Atenci\u00f3n que reciben mujeres embarazadas, abuelitos y abuelitas y ni\u00f1os ser\u00e1 m\u00e1s sensible por parte del Sistema de Salud<\/p>\n<p>La salud es un derecho de todos, aunque en Aguascalientes el 37 por ciento de la poblaci\u00f3n, es decir 534 mil 84 personas, no tiene acceso a este servicio. Para muchos de ellos, consultar a un m\u00e9dico representa un fuerte golpe a la econom\u00eda familiar; y sobre todo para quienes habitan en los municipios del interior, el pago de transporte a la capital para poder acceder a un servicio fundamental significa otro gasto adicional.<\/p>\n<p>En Aguascalientes, los padecimientos renales, la diabetes, distintos tipos de c\u00e1ncer, entre otras afectaciones, que requieren tratamientos especializados y prolongados, dejan sin muchas expectativas a las familias que enfrentan esta realidad.<\/p>\n<p>La candidata de la coalici\u00f3n \u201cVa Por Aguascalientes\u201d, Tere Jim\u00e9nez, se\u00f1al\u00f3 que su administraci\u00f3n trabajar\u00e1 por el desarrollo pleno y digno de la poblaci\u00f3n. Por esta raz\u00f3n, se pondr\u00e1 en marcha el Seguro Aguascalientes, un esfuerzo por contrarrestar el golpe que representa para muchas familias la desaparici\u00f3n del Seguro Popular.<\/p>\n<p>Tambi\u00e9n se fortalecer\u00e1 el Sistema de Salud con m\u00e1s y mejor infraestructura, ampliando la capacidad de operaci\u00f3n del Hospital Hidalgo y concluyendo el de Pabell\u00f3n de Arteaga, el cual habr\u00e1 de atender a los municipios de la zona norte.<\/p>\n<p>La candidata a la gubernatura se\u00f1al\u00f3 que se prev\u00e9 que la operaci\u00f3n del Seguro Aguascalientes se sostenga con recursos del estado, lo que ser\u00e1 viable focalizando las inversiones en las \u00e1reas que m\u00e1s lo necesiten.<\/p>\n<p>Tere Jim\u00e9nez se\u00f1al\u00f3, finalmente, que parte de sus objetivos se centra tambi\u00e9n en dignificar la atenci\u00f3n que reciben mujeres embarazadas, abuelitos y abuelitas y ni\u00f1os, con un trato m\u00e1s sensible y humano por parte del Sistema de Salud.<\/p>\n","protected":false},"excerpt":{"rendered":"<p>#informativoelvalledeaguascalientes , #novaradioaguascalientes \u2022 Se ampliar\u00e1 la capacidad de funcionamiento del Hospital Hidalgo y se consolidar\u00e1 el de Pabell\u00f3n de Arteaga \u2022 Se dignificar\u00e1n los servicios de salud para que todas y todos tengan una mejor calidad de vida \u2022 Atenci\u00f3n que reciben mujeres embarazadas, abuelitos y abuelitas y ni\u00f1os ser\u00e1 m\u00e1s sensible por parte [&hellip;]<\/p>\n","protected":false},"author":1,"featured_media":31378,"comment_status":"closed","ping_status":"open","sticky":false,"template":"","format":"standard","meta":{"advanced_seo_description":"","jetpack_seo_html_title":"","jetpack_seo_noindex":false,"_jetpack_memberships_contains_paid_content":false,"footnotes":"","jetpack_publicize_message":"","jetpack_publicize_feature_enabled":true,"jetpack_social_post_already_shared":true,"jetpack_social_options":{"image_generator_settings":{"template":"highway","default_image_id":0,"font":"","enabled":false},"version":2}},"categories":[21,7],"tags":[22,23,43,320],"class_list":["post-31377","post","type-post","status-publish","format-standard","has-post-thumbnail","hentry","category-aguascalientes","category-pan-aguascalientes","tag-aguascalientes","tag-pan-aguascalientes","tag-pan-aguascalientes-cde","tag-tere-jimenez"],"jetpack_publicize_connections":[],"jetpack_featured_media_url":"https:\/\/i0.wp.com\/informativoelvalledeaguascalientes.online\/wp-content\/uploads\/2022\/05\/4f0e01cf-0685-4c3b-b5a4-ae6c8357fd6c.jpg?fit=800%2C602&ssl=1","jetpack-related-posts":[],"jetpack_sharing_enabled":true,"jetpack_likes_enabled":true,"_links":{"self":[{"href":"https:\/\/informativoelvalledeaguascalientes.online\/index.php?rest_route=\/wp\/v2\/posts\/31377","targetHints":{"allow":["GET"]}}],"collection":[{"href":"https:\/\/informativoelvalledeaguascalientes.online\/index.php?rest_route=\/wp\/v2\/posts"}],"about":[{"href":"https:\/\/informativoelvalledeaguascalientes.online\/index.php?rest_route=\/wp\/v2\/types\/post"}],"author":[{"embeddable":true,"href":"https:\/\/informativoelvalledeaguascalientes.online\/index.php?rest_route=\/wp\/v2\/users\/1"}],"replies":[{"embeddable":true,"href":"https:\/\/informativoelvalledeaguascalientes.online\/index.php?rest_route=%2Fwp%2Fv2%2Fcomments&post=31377"}],"version-history":[{"count":1,"href":"https:\/\/informativoelvalledeaguascalientes.online\/index.php?rest_route=\/wp\/v2\/posts\/31377\/revisions"}],"predecessor-version":[{"id":31379,"href":"https:\/\/informativoelvalledeaguascalientes.online\/index.php?rest_route=\/wp\/v2\/posts\/31377\/revisions\/31379"}],"wp:featuredmedia":[{"embeddable":true,"href":"https:\/\/informativoelvalledeaguascalientes.online\/index.php?rest_route=\/wp\/v2\/media\/31378"}],"wp:attachment":[{"href":"https:\/\/informativoelvalledeaguascalientes.online\/index.php?rest_route=%2Fwp%2Fv2%2Fmedia&parent=31377"}],"wp:term":[{"taxonomy":"category","embeddable":true,"href":"https:\/\/informativoelvalledeaguascalientes.online\/index.php?rest_route=%2Fwp%2Fv2%2Fcategories&post=31377"},{"taxonomy":"post_tag","embeddable":true,"href":"https:\/\/informativoelvalledeaguascalientes.online\/index.php?rest_route=%2Fwp%2Fv2%2Ftags&post=31377"}],"curies":[{"name":"wp","href":"https:\/\/api.w.org\/{rel}","templated":true}]}}