{"id":31364,"date":"2022-05-24T20:54:19","date_gmt":"2022-05-25T02:54:19","guid":{"rendered":"https:\/\/informativoelvalledeaguascalientes.online\/?p=31364"},"modified":"2022-05-24T20:54:19","modified_gmt":"2022-05-25T02:54:19","slug":"capacitan-a-voluntarias-del-dif-municipal-con-talleres-de-cuidado-de-la-salud","status":"publish","type":"post","link":"https:\/\/informativoelvalledeaguascalientes.online\/?p=31364","title":{"rendered":"CAPACITAN A VOLUNTARIAS DEL DIF MUNICIPAL CON TALLERES DE CUIDADO DE LA SALUD"},"content":{"rendered":"<p><strong>#informativoelvalledeaguascalientes , #novaradioaguascalientes<\/strong><\/p>\n<ul>\n<li><strong>Se impartieron los talleres \u201cActivaci\u00f3n F\u00edsica, Prevenci\u00f3n de Ca\u00eddas e Higiene de Columna\u201d y \u00abFamiliares con Discapacidad\u00bb<\/strong><\/li>\n<\/ul>\n<p>La Coordinaci\u00f3n del Voluntariado del DIF Municipal imparti\u00f3 a mujeres integrantes de este organismo los talleres \u201cActivaci\u00f3n F\u00edsica, Prevenci\u00f3n de Ca\u00eddas e Higiene de Columna\u201d y \u201cFamiliares con Discapacidad\u201d, capacit\u00e1ndolas en temas de desarrollo y cuidado de la salud para que brinden apoyo y orientaci\u00f3n en las diferentes colonias y comunidades.<\/p>\n<p>El taller \u201cActivaci\u00f3n F\u00edsica, Prevenci\u00f3n de Ca\u00eddas e Higiene de Columna\u201d fue impartido por\u00a0<strong>Alejandro Barbosa Loreto<\/strong>, especialista en medicina f\u00edsica y rehabilitaci\u00f3n de la fundaci\u00f3n \u201cTALIA CUMI\u201d, quien expuso sobre h\u00e1bitos y posturas corporales para evitar lesiones y mantener la salud de la columna.<\/p>\n<p>Por otra parte, el psic\u00f3logo\u00a0<strong>Jos\u00e9 Albino Peregrina Rodr\u00edguez,<\/strong>\u00a0desarroll\u00f3 el tema \u201cFamiliares con Discapacidad\u201d, en el que hizo hincapi\u00e9 en que independientemente del apoyo especializado, la motivaci\u00f3n por parte de la familia es fundamental en el desarrollo socio-afectivo y de habilidades de las personas con discapacidad.<\/p>\n<p>La Coordinaci\u00f3n de Voluntariado del DIF seguir\u00e1 impartiendo pl\u00e1ticas y actividades para que las personas pertenecientes a dicho organismo repliquen los conocimientos adquiridos en distintas zonas de la ciudad en las que brindan\u00a0 atenci\u00f3n.<\/p>\n","protected":false},"excerpt":{"rendered":"<p>#informativoelvalledeaguascalientes , #novaradioaguascalientes Se impartieron los talleres \u201cActivaci\u00f3n F\u00edsica, Prevenci\u00f3n de Ca\u00eddas e Higiene de Columna\u201d y \u00abFamiliares con Discapacidad\u00bb La Coordinaci\u00f3n del Voluntariado del DIF Municipal imparti\u00f3 a mujeres integrantes de este organismo los talleres \u201cActivaci\u00f3n F\u00edsica, Prevenci\u00f3n de Ca\u00eddas e Higiene de Columna\u201d y \u201cFamiliares con Discapacidad\u201d, capacit\u00e1ndolas en temas de desarrollo y [&hellip;]<\/p>\n","protected":false},"author":1,"featured_media":31374,"comment_status":"closed","ping_status":"open","sticky":false,"template":"","format":"standard","meta":{"advanced_seo_description":"","jetpack_seo_html_title":"","jetpack_seo_noindex":false,"_jetpack_memberships_contains_paid_content":false,"footnotes":"","jetpack_publicize_message":"","jetpack_publicize_feature_enabled":true,"jetpack_social_post_already_shared":true,"jetpack_social_options":{"image_generator_settings":{"template":"highway","default_image_id":0,"font":"","enabled":false},"version":2}},"categories":[21,3],"tags":[22,25,72],"class_list":["post-31364","post","type-post","status-publish","format-standard","has-post-thumbnail","hentry","category-aguascalientes","category-municipio-aguascalientes","tag-aguascalientes","tag-mpio-aguascalientes","tag-mpio-aguascalientes-dif"],"jetpack_publicize_connections":[],"jetpack_featured_media_url":"https:\/\/i0.wp.com\/informativoelvalledeaguascalientes.online\/wp-content\/uploads\/2022\/05\/DSC_4664-scaled-1.jpg?fit=2560%2C1703&ssl=1","jetpack-related-posts":[],"jetpack_sharing_enabled":true,"jetpack_likes_enabled":true,"_links":{"self":[{"href":"https:\/\/informativoelvalledeaguascalientes.online\/index.php?rest_route=\/wp\/v2\/posts\/31364","targetHints":{"allow":["GET"]}}],"collection":[{"href":"https:\/\/informativoelvalledeaguascalientes.online\/index.php?rest_route=\/wp\/v2\/posts"}],"about":[{"href":"https:\/\/informativoelvalledeaguascalientes.online\/index.php?rest_route=\/wp\/v2\/types\/post"}],"author":[{"embeddable":true,"href":"https:\/\/informativoelvalledeaguascalientes.online\/index.php?rest_route=\/wp\/v2\/users\/1"}],"replies":[{"embeddable":true,"href":"https:\/\/informativoelvalledeaguascalientes.online\/index.php?rest_route=%2Fwp%2Fv2%2Fcomments&post=31364"}],"version-history":[{"count":1,"href":"https:\/\/informativoelvalledeaguascalientes.online\/index.php?rest_route=\/wp\/v2\/posts\/31364\/revisions"}],"predecessor-version":[{"id":31375,"href":"https:\/\/informativoelvalledeaguascalientes.online\/index.php?rest_route=\/wp\/v2\/posts\/31364\/revisions\/31375"}],"wp:featuredmedia":[{"embeddable":true,"href":"https:\/\/informativoelvalledeaguascalientes.online\/index.php?rest_route=\/wp\/v2\/media\/31374"}],"wp:attachment":[{"href":"https:\/\/informativoelvalledeaguascalientes.online\/index.php?rest_route=%2Fwp%2Fv2%2Fmedia&parent=31364"}],"wp:term":[{"taxonomy":"category","embeddable":true,"href":"https:\/\/informativoelvalledeaguascalientes.online\/index.php?rest_route=%2Fwp%2Fv2%2Fcategories&post=31364"},{"taxonomy":"post_tag","embeddable":true,"href":"https:\/\/informativoelvalledeaguascalientes.online\/index.php?rest_route=%2Fwp%2Fv2%2Ftags&post=31364"}],"curies":[{"name":"wp","href":"https:\/\/api.w.org\/{rel}","templated":true}]}}