{"id":31331,"date":"2022-05-23T16:46:25","date_gmt":"2022-05-23T22:46:25","guid":{"rendered":"https:\/\/informativoelvalledeaguascalientes.online\/?p=31331"},"modified":"2022-05-23T16:46:25","modified_gmt":"2022-05-23T22:46:25","slug":"arranca-iea-iniciativa-grafiti-tejido-para-crear-conciencia-sobre-la-sordoceguera-y-la-multidiscapacidad","status":"publish","type":"post","link":"https:\/\/informativoelvalledeaguascalientes.online\/?p=31331","title":{"rendered":"ARRANCA IEA INICIATIVA \u201cGRAFITI TEJIDO\u201d PARA CREAR CONCIENCIA SOBRE LA SORDOCEGUERA Y LA MULTIDISCAPACIDAD"},"content":{"rendered":"<p style=\"font-weight: 400;\"><strong>#informativoelvalledeaguascalientes , #novaradioaguascalientes<br \/>\n<\/strong><\/p>\n<p style=\"font-weight: 400;\">\n<ul style=\"font-weight: 400;\">\n<li><strong><em>Esta iniciativa de arte urbano consiste en la elaboraci\u00f3n y uni\u00f3n de cuadros tejidos de 20 x 20 cm. que se utilizar\u00e1n para cubrir el Patio de las Jacarandas<\/em><\/strong><\/li>\n<li><strong><em>Las personas que deseen sumarse pueden entregar sus cuadros tejidos del 15 al 17 de junio en cualquiera de los centros de acopio habilitados<\/em><\/strong><\/li>\n<\/ul>\n<p style=\"font-weight: 400;\"><strong><em>\u00a0<\/em><\/strong><\/p>\n<p style=\"font-weight: 400;\">Con la finalidad de visibilizar y crear conciencia acerca de las personas con sordoceguera y multidiscapacidad, el Instituto de Educaci\u00f3n de Aguascalientes (IEA) arranc\u00f3 la iniciativa\u00a0<em>Grafiti Tejido<\/em>, en el marco del\u00a0<em>D\u00eda internacional de la Sordoceguera<\/em>\u00a0que se conmemora el 27 de junio.<\/p>\n<p style=\"font-weight: 400;\">Esta iniciativa de arte urbano consiste en la elaboraci\u00f3n y uni\u00f3n de cuadros\u00a0 tejidos de 20 x 20 cm. que, el d\u00eda de la conmemoraci\u00f3n, se utilizar\u00e1n para cubrir el\u00a0<em>Patio de las Jacarandas<\/em>, ubicado en el centro de la ciudad capital, con el objetivo de simbolizar la empat\u00eda, la creaci\u00f3n de v\u00ednculos y redes de apoyo a favor de las personas con multidiscapacidad y sordoceguera.<\/p>\n<p style=\"font-weight: 400;\">El IEA a trav\u00e9s del Departamento de Educaci\u00f3n Especial e Inclusi\u00f3n invita a estudiantes, madres y padres de familia y docentes, as\u00ed como a la poblaci\u00f3n en general a que participen en esta iniciativa. Las personas que deseen sumarse pueden entregar sus cuadros tejidos del 15 al 17 de junio en cualquiera de los Centros de Atenci\u00f3n M\u00faltiple (CAM) de los municipios.<\/p>\n<p style=\"font-weight: 400;\">Asimismo, funcionar\u00e1n como centros de acopio la Escuela\u00a0<em>\u201cJos\u00e9 Vasconcelos\u201d<\/em>, ubicada en el municipio capital en calle Acueducto 118, Barrio de la Salud, as\u00ed como la Unidad de Orientaci\u00f3n de Educaci\u00f3n Especial (UOEE),\u00a0en horario de\u00a08:00 a 13:00 horas. De igual manera, se recibir\u00e1n cuadros de tejido en el\u00a0Centro de Evaluaci\u00f3n\u00a0 y Canalizaci\u00f3n para la Inclusi\u00f3n Educativa (CECIE) con domicilio en calle\u00a0Francisco M\u00e1rquez esquina con calle Fernando Montes de Oca, Col. H\u00e9roes, de 13:30 a 18:00 horas.<\/p>\n<p style=\"font-weight: 400;\">Tambi\u00e9n, quienes deseen tomar parte en esta iniciativa pueden donar insumos como estambre, telares y\/o agujas para tejer. Para m\u00e1s informaci\u00f3n las y los interesados pueden comunicarse al Departamento de Educaci\u00f3n Especial e Inclusi\u00f3n del IEA, tel\u00e9fono 449 910 56 00 extensi\u00f3n 4075, de lunes a viernes en horario de 8:00 a 16:00 horas.<\/p>\n","protected":false},"excerpt":{"rendered":"<p>#informativoelvalledeaguascalientes , #novaradioaguascalientes Esta iniciativa de arte urbano consiste en la elaboraci\u00f3n y uni\u00f3n de cuadros tejidos de 20 x 20 cm. que se utilizar\u00e1n para cubrir el Patio de las Jacarandas Las personas que deseen sumarse pueden entregar sus cuadros tejidos del 15 al 17 de junio en cualquiera de los centros de acopio [&hellip;]<\/p>\n","protected":false},"author":1,"featured_media":31332,"comment_status":"closed","ping_status":"open","sticky":false,"template":"","format":"standard","meta":{"advanced_seo_description":"","jetpack_seo_html_title":"","jetpack_seo_noindex":false,"_jetpack_memberships_contains_paid_content":false,"footnotes":"","jetpack_publicize_message":"","jetpack_publicize_feature_enabled":true,"jetpack_social_post_already_shared":true,"jetpack_social_options":{"image_generator_settings":{"template":"highway","default_image_id":0,"font":"","enabled":false},"version":2}},"categories":[21,4],"tags":[22,39],"class_list":["post-31331","post","type-post","status-publish","format-standard","has-post-thumbnail","hentry","category-aguascalientes","category-gobierno-del-estado-aguascalientes","tag-aguascalientes","tag-iea"],"jetpack_publicize_connections":[],"jetpack_featured_media_url":"https:\/\/i0.wp.com\/informativoelvalledeaguascalientes.online\/wp-content\/uploads\/2022\/05\/IMG_0084-1.jpeg?fit=1280%2C853&ssl=1","jetpack-related-posts":[],"jetpack_sharing_enabled":true,"jetpack_likes_enabled":true,"_links":{"self":[{"href":"https:\/\/informativoelvalledeaguascalientes.online\/index.php?rest_route=\/wp\/v2\/posts\/31331","targetHints":{"allow":["GET"]}}],"collection":[{"href":"https:\/\/informativoelvalledeaguascalientes.online\/index.php?rest_route=\/wp\/v2\/posts"}],"about":[{"href":"https:\/\/informativoelvalledeaguascalientes.online\/index.php?rest_route=\/wp\/v2\/types\/post"}],"author":[{"embeddable":true,"href":"https:\/\/informativoelvalledeaguascalientes.online\/index.php?rest_route=\/wp\/v2\/users\/1"}],"replies":[{"embeddable":true,"href":"https:\/\/informativoelvalledeaguascalientes.online\/index.php?rest_route=%2Fwp%2Fv2%2Fcomments&post=31331"}],"version-history":[{"count":1,"href":"https:\/\/informativoelvalledeaguascalientes.online\/index.php?rest_route=\/wp\/v2\/posts\/31331\/revisions"}],"predecessor-version":[{"id":31333,"href":"https:\/\/informativoelvalledeaguascalientes.online\/index.php?rest_route=\/wp\/v2\/posts\/31331\/revisions\/31333"}],"wp:featuredmedia":[{"embeddable":true,"href":"https:\/\/informativoelvalledeaguascalientes.online\/index.php?rest_route=\/wp\/v2\/media\/31332"}],"wp:attachment":[{"href":"https:\/\/informativoelvalledeaguascalientes.online\/index.php?rest_route=%2Fwp%2Fv2%2Fmedia&parent=31331"}],"wp:term":[{"taxonomy":"category","embeddable":true,"href":"https:\/\/informativoelvalledeaguascalientes.online\/index.php?rest_route=%2Fwp%2Fv2%2Fcategories&post=31331"},{"taxonomy":"post_tag","embeddable":true,"href":"https:\/\/informativoelvalledeaguascalientes.online\/index.php?rest_route=%2Fwp%2Fv2%2Ftags&post=31331"}],"curies":[{"name":"wp","href":"https:\/\/api.w.org\/{rel}","templated":true}]}}