{"id":31321,"date":"2022-05-23T16:33:07","date_gmt":"2022-05-23T22:33:07","guid":{"rendered":"https:\/\/informativoelvalledeaguascalientes.online\/?p=31321"},"modified":"2022-05-23T16:33:07","modified_gmt":"2022-05-23T22:33:07","slug":"entrega-martin-orozco-nuevo-centro-de-educacion-especial-en-el-oriente-de-la-ciudad","status":"publish","type":"post","link":"https:\/\/informativoelvalledeaguascalientes.online\/?p=31321","title":{"rendered":"ENTREGA MART\u00cdN OROZCO NUEVO CENTRO DE EDUCACI\u00d3N ESPECIAL EN EL ORIENTE DE LA CIUDAD"},"content":{"rendered":"<p dir=\"ltr\"><strong>#informativoelvalledeaguascalientes , #novaradioaguascalientes<\/strong><\/p>\n<ul>\n<li dir=\"ltr\">\n<p dir=\"ltr\" role=\"presentation\">En este CAM se atender\u00e1 educaci\u00f3n especial desde preescolar hasta secundaria<\/p>\n<\/li>\n<li dir=\"ltr\">\n<p dir=\"ltr\" role=\"presentation\">Es el primero de su tipo en el oriente y beneficiar\u00e1 a 80 alumnas y alumnos<\/p>\n<\/li>\n<\/ul>\n<p>&nbsp;<\/p>\n<p dir=\"ltr\">Con el objetivo de brindar educaci\u00f3n especial a ni\u00f1as y ni\u00f1os para que inicien su formaci\u00f3n desde preescolar hasta secundaria en la zona oriente de la ciudad capital, el gobernador del estado, Mart\u00edn Orozco Sandoval, inaugur\u00f3 el Centro de Atenci\u00f3n M\u00faltiple (CAM) n\u00famero 20 en Aguascalientes, siendo el primero de este tipo en esta ubicaci\u00f3n.<\/p>\n<p>&nbsp;<\/p>\n<p dir=\"ltr\">Durante este evento, el mandatario destac\u00f3 que este plantel vendr\u00e1 a beneficiar a 80 alumnos con discapacidades, ya que una de las fortalezas de los CAM es dar solidez a la educaci\u00f3n especial en Aguascalientes, garantizando la cobertura para que todas y todos puedan continuar con sus estudios.<\/p>\n<p>&nbsp;<\/p>\n<p dir=\"ltr\">En este sentido, se\u00f1al\u00f3 que durante esta administraci\u00f3n se ha acercado la educaci\u00f3n a la zona oriente que ha presentado un crecimiento importante, esto con la creaci\u00f3n de nuevas escuelas, preparatorias y una universidad.<\/p>\n<p>&nbsp;<\/p>\n<p dir=\"ltr\">Finalmente, Mart\u00edn Orozco reconoci\u00f3 a las y los profesores por educar con amor, entrega e inclusi\u00f3n a las y los estudiantes para darles una segunda casa para su formaci\u00f3n.<\/p>\n<p>&nbsp;<\/p>\n<p dir=\"ltr\">Este plantel de nueva creaci\u00f3n se realiz\u00f3 con el apoyo del Instituto de Infraestructura F\u00edsica Educativa del Estado de Aguascalientes (IIFEA) en coordinaci\u00f3n con el Instituto de Educaci\u00f3n de Aguascalientes (IEA).<\/p>\n<p>&nbsp;<\/p>\n<p dir=\"ltr\">Dentro de las instalaciones se encuentran cuatro aulas con ba\u00f1o cada una y bodega, comedor, sala de diagn\u00f3stico, \u00e1reas de administraci\u00f3n y m\u00f3dulos sanitarios, adem\u00e1s cuentan con una plaza c\u00edvica, andadores, bebederos y cerco perimetral.<\/p>\n<p>&nbsp;<\/p>\n<p dir=\"ltr\">En el evento tambi\u00e9n estuvieron presentes Ulises Reyes Esparza, director del IEA; Jorge Alejandro Guerrero Y\u00e1\u00f1ez, director del IIFEA; Humberto Montero de Alba, secretario de Desarrollo Social; Luc\u00eda Lizbeth Reyes Rodriguez, directora del plantel; as\u00ed como alumnas y alumnos reconocidos por su desempe\u00f1o en matem\u00e1ticas.<\/p>\n","protected":false},"excerpt":{"rendered":"<p>#informativoelvalledeaguascalientes , #novaradioaguascalientes En este CAM se atender\u00e1 educaci\u00f3n especial desde preescolar hasta secundaria Es el primero de su tipo en el oriente y beneficiar\u00e1 a 80 alumnas y alumnos &nbsp; Con el objetivo de brindar educaci\u00f3n especial a ni\u00f1as y ni\u00f1os para que inicien su formaci\u00f3n desde preescolar hasta secundaria en la zona oriente [&hellip;]<\/p>\n","protected":false},"author":1,"featured_media":31322,"comment_status":"closed","ping_status":"open","sticky":false,"template":"","format":"standard","meta":{"advanced_seo_description":"","jetpack_seo_html_title":"","jetpack_seo_noindex":false,"_jetpack_memberships_contains_paid_content":false,"footnotes":"","jetpack_publicize_message":"","jetpack_publicize_feature_enabled":true,"jetpack_social_post_already_shared":true,"jetpack_social_options":{"image_generator_settings":{"template":"highway","default_image_id":0,"font":"","enabled":false},"version":2}},"categories":[21,4],"tags":[22,39,31],"class_list":["post-31321","post","type-post","status-publish","format-standard","has-post-thumbnail","hentry","category-aguascalientes","category-gobierno-del-estado-aguascalientes","tag-aguascalientes","tag-iea","tag-mos"],"jetpack_publicize_connections":[],"jetpack_featured_media_url":"https:\/\/i0.wp.com\/informativoelvalledeaguascalientes.online\/wp-content\/uploads\/2022\/05\/WhatsApp-Image-2022-05-23-at-12.09.21-PM.jpeg?fit=1280%2C1087&ssl=1","jetpack-related-posts":[],"jetpack_sharing_enabled":true,"jetpack_likes_enabled":true,"_links":{"self":[{"href":"https:\/\/informativoelvalledeaguascalientes.online\/index.php?rest_route=\/wp\/v2\/posts\/31321","targetHints":{"allow":["GET"]}}],"collection":[{"href":"https:\/\/informativoelvalledeaguascalientes.online\/index.php?rest_route=\/wp\/v2\/posts"}],"about":[{"href":"https:\/\/informativoelvalledeaguascalientes.online\/index.php?rest_route=\/wp\/v2\/types\/post"}],"author":[{"embeddable":true,"href":"https:\/\/informativoelvalledeaguascalientes.online\/index.php?rest_route=\/wp\/v2\/users\/1"}],"replies":[{"embeddable":true,"href":"https:\/\/informativoelvalledeaguascalientes.online\/index.php?rest_route=%2Fwp%2Fv2%2Fcomments&post=31321"}],"version-history":[{"count":1,"href":"https:\/\/informativoelvalledeaguascalientes.online\/index.php?rest_route=\/wp\/v2\/posts\/31321\/revisions"}],"predecessor-version":[{"id":31324,"href":"https:\/\/informativoelvalledeaguascalientes.online\/index.php?rest_route=\/wp\/v2\/posts\/31321\/revisions\/31324"}],"wp:featuredmedia":[{"embeddable":true,"href":"https:\/\/informativoelvalledeaguascalientes.online\/index.php?rest_route=\/wp\/v2\/media\/31322"}],"wp:attachment":[{"href":"https:\/\/informativoelvalledeaguascalientes.online\/index.php?rest_route=%2Fwp%2Fv2%2Fmedia&parent=31321"}],"wp:term":[{"taxonomy":"category","embeddable":true,"href":"https:\/\/informativoelvalledeaguascalientes.online\/index.php?rest_route=%2Fwp%2Fv2%2Fcategories&post=31321"},{"taxonomy":"post_tag","embeddable":true,"href":"https:\/\/informativoelvalledeaguascalientes.online\/index.php?rest_route=%2Fwp%2Fv2%2Ftags&post=31321"}],"curies":[{"name":"wp","href":"https:\/\/api.w.org\/{rel}","templated":true}]}}