{"id":31284,"date":"2022-05-22T16:37:04","date_gmt":"2022-05-22T22:37:04","guid":{"rendered":"https:\/\/informativoelvalledeaguascalientes.online\/?p=31284"},"modified":"2022-05-22T16:37:04","modified_gmt":"2022-05-22T22:37:04","slug":"formaremos-deportistas-de-clase-mundial-tere-jimenez","status":"publish","type":"post","link":"https:\/\/informativoelvalledeaguascalientes.online\/?p=31284","title":{"rendered":"FORMAREMOS DEPORTISTAS DE CLASE MUNDIAL: TERE JIM\u00c9NEZ"},"content":{"rendered":"<p style=\"text-align: left;\">\n<p><strong>\u00a0#informativoelvalledeaguascalientes , #novaradioaguascalientes<\/strong><\/p>\n<p>\u2022 Se impulsar\u00e1 el deporte en todo el estado como agente de transformaci\u00f3n social<\/p>\n<p>&nbsp;<\/p>\n<p>\u2022 Aguascalientes ser\u00e1 sede de importantes eventos deportivos.<\/p>\n<p>&nbsp;<\/p>\n<p>\u2022 Atletas de alto rendimiento ser\u00e1n reconocidos e impulsados para que alcancen sus objetivos<\/p>\n<p>&nbsp;<\/p>\n<p style=\"text-align: center;\">La candidata de la Coalici\u00f3n Va por Aguascalientes, Tere Jim\u00e9nez, firm\u00f3 este domingo, una alianza con deportistas.<\/p>\n<p>&nbsp;<\/p>\n<p>Acompa\u00f1ada de importantes actores de la vida pol\u00edtica del pa\u00eds y destacados deportistas, algunos de ellos de nivel ol\u00edmpico, la candidata se\u00f1al\u00f3 que durante su gesti\u00f3n el impulso al deporte ser\u00e1 fundamental para promover la sana integraci\u00f3n social convirtiendo esta actividad en una herramienta de transformaci\u00f3n social y prevenci\u00f3n del delito.<\/p>\n<p>&nbsp;<\/p>\n<p>Subray\u00f3 que tanto la promoci\u00f3n de la cultura como el deporte son factores que ayudan a encausar las energ\u00edas de los ni\u00f1os, ni\u00f1as y j\u00f3venes y canalizarlos a la construcci\u00f3n de proyectos en beneficio de su propio desarrollo.<\/p>\n<p>&nbsp;<\/p>\n<p>Actualmente solo 1 de cada 4 personas en Aguascalientes pr\u00e1ctica alguna actividad f\u00edsica, la intenci\u00f3n es acercar la posibilidad a quienes tengan las ganas de formar parte de alg\u00fan deporte.<\/p>\n<p>&nbsp;<\/p>\n<p>Tere Jim\u00e9nez se\u00f1al\u00f3 que durante su visita a las diversas comunidades tanto los padres de familia como los maestros le han hecho saber la necesidad de promover espacios en los que ni\u00f1os, ni\u00f1as y j\u00f3venes puedan jugar y practicar alg\u00fan deporte, por lo que la candidata se ha comprometido a darle impulso a los equipos que actualmente existen en las comunidades y darles la posibilidad de proyectarse a niveles competitivos si as\u00ed lo desean.<\/p>\n<p>&nbsp;<\/p>\n<p>Tere Jim\u00e9nez anunci\u00f3 que durante su gesti\u00f3n se apoyar\u00e1 a los j\u00f3venes deportistas con las becas \u201cOrgullo Aguascalientes\u201d que les permitan proyectar sus sue\u00f1os a otro nivel.<\/p>\n<p>&nbsp;<\/p>\n<p>\u201cQuiero que sus sue\u00f1os se hagan realidad en otras partes del mundo, impulsaremos becas a deportistas, queremos que sean nuestros dignos representantes y embajadores de Aguascalientes a donde vayan\u201d<\/p>\n<p>&nbsp;<\/p>\n<p>De igual forma se promover\u00e1 el turismo deportivo apoyando la realizaci\u00f3n de justas en Aguascalientes.<\/p>\n<p>&nbsp;<\/p>\n<p>Se impulsar\u00e1n escuelas de iniciaci\u00f3n deportiva, ligas deportivas y torneos en todo Aguascalientes fomentando la participaci\u00f3n de adultos, j\u00f3venes, ni\u00f1os y ni\u00f1as.<\/p>\n<p>&nbsp;<\/p>\n<p>Adem\u00e1s, habr\u00e1 apoyos para deportistas de alto rendimiento.<\/p>\n<p>&nbsp;<\/p>\n<p>Se promover\u00e1 la Expo-Deporte, una feria con actividades deportivas, y conferencias de atletas destacados.<\/p>\n<p>&nbsp;<\/p>\n<p>Tere Jim\u00e9nez a\u00f1adi\u00f3 que durante su gesti\u00f3n tambi\u00e9n se dar\u00e1 un importante impulso a deportistas paral\u00edmpicos y ni\u00f1os, ni\u00f1as y j\u00f3venes o adultos que quieran sumarse a estas actividades<\/p>\n<p>&nbsp;<\/p>\n<p>Atletas de alto rendimiento como Jonathan Mu\u00f1oz respaldaron a la candidata quien anteriormente se ha sumado a impulsarlos en sus objetivos.<\/p>\n<p>&nbsp;<\/p>\n<p>&nbsp;<\/p>\n<p>&nbsp;<\/p>\n","protected":false},"excerpt":{"rendered":"<p>\u00a0#informativoelvalledeaguascalientes , #novaradioaguascalientes \u2022 Se impulsar\u00e1 el deporte en todo el estado como agente de transformaci\u00f3n social &nbsp; \u2022 Aguascalientes ser\u00e1 sede de importantes eventos deportivos. &nbsp; \u2022 Atletas de alto rendimiento ser\u00e1n reconocidos e impulsados para que alcancen sus objetivos &nbsp; La candidata de la Coalici\u00f3n Va por Aguascalientes, Tere Jim\u00e9nez, firm\u00f3 este domingo, [&hellip;]<\/p>\n","protected":false},"author":1,"featured_media":31285,"comment_status":"closed","ping_status":"open","sticky":false,"template":"","format":"standard","meta":{"advanced_seo_description":"","jetpack_seo_html_title":"","jetpack_seo_noindex":false,"_jetpack_memberships_contains_paid_content":false,"footnotes":"","jetpack_publicize_message":"","jetpack_publicize_feature_enabled":true,"jetpack_social_post_already_shared":true,"jetpack_social_options":{"image_generator_settings":{"template":"highway","default_image_id":0,"font":"","enabled":false},"version":2}},"categories":[21,7,6],"tags":[22,23,43,320],"class_list":["post-31284","post","type-post","status-publish","format-standard","has-post-thumbnail","hentry","category-aguascalientes","category-pan-aguascalientes","category-partidos-politicos","tag-aguascalientes","tag-pan-aguascalientes","tag-pan-aguascalientes-cde","tag-tere-jimenez"],"jetpack_publicize_connections":[],"jetpack_featured_media_url":"https:\/\/i0.wp.com\/informativoelvalledeaguascalientes.online\/wp-content\/uploads\/2022\/05\/IMG-20220522-WA0002.jpg?fit=1600%2C1066&ssl=1","jetpack-related-posts":[],"jetpack_sharing_enabled":true,"jetpack_likes_enabled":true,"_links":{"self":[{"href":"https:\/\/informativoelvalledeaguascalientes.online\/index.php?rest_route=\/wp\/v2\/posts\/31284","targetHints":{"allow":["GET"]}}],"collection":[{"href":"https:\/\/informativoelvalledeaguascalientes.online\/index.php?rest_route=\/wp\/v2\/posts"}],"about":[{"href":"https:\/\/informativoelvalledeaguascalientes.online\/index.php?rest_route=\/wp\/v2\/types\/post"}],"author":[{"embeddable":true,"href":"https:\/\/informativoelvalledeaguascalientes.online\/index.php?rest_route=\/wp\/v2\/users\/1"}],"replies":[{"embeddable":true,"href":"https:\/\/informativoelvalledeaguascalientes.online\/index.php?rest_route=%2Fwp%2Fv2%2Fcomments&post=31284"}],"version-history":[{"count":1,"href":"https:\/\/informativoelvalledeaguascalientes.online\/index.php?rest_route=\/wp\/v2\/posts\/31284\/revisions"}],"predecessor-version":[{"id":31286,"href":"https:\/\/informativoelvalledeaguascalientes.online\/index.php?rest_route=\/wp\/v2\/posts\/31284\/revisions\/31286"}],"wp:featuredmedia":[{"embeddable":true,"href":"https:\/\/informativoelvalledeaguascalientes.online\/index.php?rest_route=\/wp\/v2\/media\/31285"}],"wp:attachment":[{"href":"https:\/\/informativoelvalledeaguascalientes.online\/index.php?rest_route=%2Fwp%2Fv2%2Fmedia&parent=31284"}],"wp:term":[{"taxonomy":"category","embeddable":true,"href":"https:\/\/informativoelvalledeaguascalientes.online\/index.php?rest_route=%2Fwp%2Fv2%2Fcategories&post=31284"},{"taxonomy":"post_tag","embeddable":true,"href":"https:\/\/informativoelvalledeaguascalientes.online\/index.php?rest_route=%2Fwp%2Fv2%2Ftags&post=31284"}],"curies":[{"name":"wp","href":"https:\/\/api.w.org\/{rel}","templated":true}]}}