{"id":31275,"date":"2022-05-22T16:22:00","date_gmt":"2022-05-22T22:22:00","guid":{"rendered":"https:\/\/informativoelvalledeaguascalientes.online\/?p=31275"},"modified":"2022-05-22T16:22:00","modified_gmt":"2022-05-22T22:22:00","slug":"sera-la-cultura-una-prioridad-tere-jimenez","status":"publish","type":"post","link":"https:\/\/informativoelvalledeaguascalientes.online\/?p=31275","title":{"rendered":"\u201cSER\u00c1 LA CULTURA UNA PRIORIDAD\u201d: TERE JIM\u00c9NEZ"},"content":{"rendered":"<p>#informativoelvalledeaguascalientes , #novaradioaguascalientes<\/p>\n<p>&nbsp;<\/p>\n<p>\u2022 Se promover\u00e1 el arte y la cultura como medio principal para prevenir problemas sociales<\/p>\n<p>\u2022 Ni\u00f1os de todos los municipios acceder\u00e1n a actividades art\u00edsticas<\/p>\n<p>&nbsp;<\/p>\n<p>\u2022 Aguascalientes competir\u00e1 por el reconocimiento de \u201cCapital Americana de la Cultura\u201d<\/p>\n<p>&nbsp;<\/p>\n<p>La candidata de la coalici\u00f3n \u201cVa Por Aguascalientes\u201d, Tere Jim\u00e9nez, firm\u00f3 una alianza con representantes de la comunidad art\u00edstica y cultural y se comprometi\u00f3 a fortalecer e impulsar el gremio no solo a nivel nacional sino tambi\u00e9n internacional.<\/p>\n<p>&nbsp;<\/p>\n<p>Tere Jim\u00e9nez se\u00f1al\u00f3 que la cultura servir\u00e1 de escaparate para fortalecer el turismo, aspirando a que Aguascalientes obtenga el reconocimiento de \u201cCapital Americana de la Cultura\u201d; y municipios como Asientos, San Francisco de los Romo y Aguascalientes formar\u00e1n parte de la ruta \u201cItinerario Cultural Camino de Tierra adentro\u201d de la UNESCO.<\/p>\n<p>&nbsp;<\/p>\n<p>La candidata se\u00f1al\u00f3 que su administraci\u00f3n impulsar\u00e1 el florecimiento de la cultura como la principal herramienta para blindar al estado de otros problemas sociales.<\/p>\n<p>&nbsp;<\/p>\n<p>\u201cAguascalientes se tiene que blindar mediante la cultura y el deporte, esa va a ser nuestra mayor arma: la cultura. Necesito de todos ustedes en cada rinc\u00f3n de nuestro estado, es por la seguridad, es por la paz y la tranquilidad de las familias de Aguascalientes.\u201d<\/p>\n<p>&nbsp;<\/p>\n<p>Tere Jim\u00e9nez adelant\u00f3 que se sembrar\u00e1 la semilla de la cultura desde el nivel b\u00e1sico, aspirando a que los ni\u00f1os y ni\u00f1as a trav\u00e9s de la sensibilizaci\u00f3n art\u00edstica se sumen a proyectos como las Orquestas Sinf\u00f3nicas que se conformar\u00e1n en los Municipios con apoyo de la Iniciativa privada.<\/p>\n<p>&nbsp;<\/p>\n<p>Asimismo, se impulsar\u00e1n las escuelas de iniciaci\u00f3n art\u00edstica y se consolidar\u00e1n las de artes y oficios; en un ambicioso plan se pondr\u00e1n en funcionamiento 500 Unidades de Exploraci\u00f3n art\u00edstica infantil que habr\u00e1n de funcionar en todos los rincones del estado.<\/p>\n<p>&nbsp;<\/p>\n<p>\u201cPondremos en marcha Unidades de Exploraci\u00f3n art\u00edstica infantil para que los ni\u00f1os y ni\u00f1as descubran y desarrollen sus capacidades creativas y art\u00edsticas. Habr\u00e1 becas para j\u00f3venes artistas. Vamos a tener un Instituto Estatal Cultural con el que pondremos en alto el nombre de Aguascalientes en M\u00e9xico y en el mundo.\u201d<\/p>\n<p>&nbsp;<\/p>\n<p>En la era de las tecnolog\u00edas, los autores locales contar\u00e1n con apoyo para proyectar sus trabajos a nivel mundial con la consolidaci\u00f3n de una plataforma digital, pues son ellos tambi\u00e9n \u201cembajadores de Aguascalientes en el mundo\u201d, se\u00f1al\u00f3 Tere Jim\u00e9nez.<\/p>\n<p>&nbsp;<\/p>\n<p>Por su parte, el gremio de los artistas respald\u00f3 su proyecto tras considerar que la candidata ha sido sumamente receptiva a sus necesidades y una mujer de palabra, por lo que confiaron en que los proyectos expuestos habr\u00e1n de consolidarse en beneficio de todo Aguascalientes.<\/p>\n<p>&nbsp;<\/p>\n<p style=\"text-align: left;\">\n","protected":false},"excerpt":{"rendered":"<p>#informativoelvalledeaguascalientes , #novaradioaguascalientes &nbsp; \u2022 Se promover\u00e1 el arte y la cultura como medio principal para prevenir problemas sociales \u2022 Ni\u00f1os de todos los municipios acceder\u00e1n a actividades art\u00edsticas &nbsp; \u2022 Aguascalientes competir\u00e1 por el reconocimiento de \u201cCapital Americana de la Cultura\u201d &nbsp; La candidata de la coalici\u00f3n \u201cVa Por Aguascalientes\u201d, Tere Jim\u00e9nez, firm\u00f3 una [&hellip;]<\/p>\n","protected":false},"author":1,"featured_media":31276,"comment_status":"closed","ping_status":"open","sticky":false,"template":"","format":"standard","meta":{"advanced_seo_description":"","jetpack_seo_html_title":"","jetpack_seo_noindex":false,"_jetpack_memberships_contains_paid_content":false,"footnotes":"","jetpack_publicize_message":"","jetpack_publicize_feature_enabled":true,"jetpack_social_post_already_shared":true,"jetpack_social_options":{"image_generator_settings":{"template":"highway","default_image_id":0,"font":"","enabled":false},"version":2}},"categories":[21,7,6],"tags":[22,23,43,320],"class_list":["post-31275","post","type-post","status-publish","format-standard","has-post-thumbnail","hentry","category-aguascalientes","category-pan-aguascalientes","category-partidos-politicos","tag-aguascalientes","tag-pan-aguascalientes","tag-pan-aguascalientes-cde","tag-tere-jimenez"],"jetpack_publicize_connections":[],"jetpack_featured_media_url":"https:\/\/i0.wp.com\/informativoelvalledeaguascalientes.online\/wp-content\/uploads\/2022\/05\/IMG-20220522-WA0000.jpg?fit=1600%2C1066&ssl=1","jetpack-related-posts":[],"jetpack_sharing_enabled":true,"jetpack_likes_enabled":true,"_links":{"self":[{"href":"https:\/\/informativoelvalledeaguascalientes.online\/index.php?rest_route=\/wp\/v2\/posts\/31275","targetHints":{"allow":["GET"]}}],"collection":[{"href":"https:\/\/informativoelvalledeaguascalientes.online\/index.php?rest_route=\/wp\/v2\/posts"}],"about":[{"href":"https:\/\/informativoelvalledeaguascalientes.online\/index.php?rest_route=\/wp\/v2\/types\/post"}],"author":[{"embeddable":true,"href":"https:\/\/informativoelvalledeaguascalientes.online\/index.php?rest_route=\/wp\/v2\/users\/1"}],"replies":[{"embeddable":true,"href":"https:\/\/informativoelvalledeaguascalientes.online\/index.php?rest_route=%2Fwp%2Fv2%2Fcomments&post=31275"}],"version-history":[{"count":2,"href":"https:\/\/informativoelvalledeaguascalientes.online\/index.php?rest_route=\/wp\/v2\/posts\/31275\/revisions"}],"predecessor-version":[{"id":31278,"href":"https:\/\/informativoelvalledeaguascalientes.online\/index.php?rest_route=\/wp\/v2\/posts\/31275\/revisions\/31278"}],"wp:featuredmedia":[{"embeddable":true,"href":"https:\/\/informativoelvalledeaguascalientes.online\/index.php?rest_route=\/wp\/v2\/media\/31276"}],"wp:attachment":[{"href":"https:\/\/informativoelvalledeaguascalientes.online\/index.php?rest_route=%2Fwp%2Fv2%2Fmedia&parent=31275"}],"wp:term":[{"taxonomy":"category","embeddable":true,"href":"https:\/\/informativoelvalledeaguascalientes.online\/index.php?rest_route=%2Fwp%2Fv2%2Fcategories&post=31275"},{"taxonomy":"post_tag","embeddable":true,"href":"https:\/\/informativoelvalledeaguascalientes.online\/index.php?rest_route=%2Fwp%2Fv2%2Ftags&post=31275"}],"curies":[{"name":"wp","href":"https:\/\/api.w.org\/{rel}","templated":true}]}}