{"id":31250,"date":"2022-05-22T11:18:56","date_gmt":"2022-05-22T17:18:56","guid":{"rendered":"https:\/\/informativoelvalledeaguascalientes.online\/?p=31250"},"modified":"2022-05-22T11:18:56","modified_gmt":"2022-05-22T17:18:56","slug":"encabeza-mos-arranque-de-rehabilitacion-de-carpeta-asfaltica-en-segundo-anillo","status":"publish","type":"post","link":"https:\/\/informativoelvalledeaguascalientes.online\/?p=31250","title":{"rendered":"ENCABEZA MOS ARRANQUE DE REHABILITACI\u00d3N DE CARPETA ASF\u00c1LTICA EN SEGUNDO ANILLO"},"content":{"rendered":"<p dir=\"ltr\"><strong>#informativoelvalledeaguascalientes , #novaradioaguascalientes<\/strong><\/p>\n<ul>\n<li dir=\"ltr\">\n<p dir=\"ltr\" role=\"presentation\">En 16 puntos de Av. Aguascalientes se realizar\u00e1n labores de encarpetamiento asf\u00e1ltico.<\/p>\n<\/li>\n<li dir=\"ltr\">\n<p dir=\"ltr\" role=\"presentation\">La secretar\u00eda de obras p\u00fablicas alerta a la sociedad para que tome precauciones y anuncia que no se cerrar\u00e1 la circulaci\u00f3n en esa v\u00eda.<\/p>\n<\/li>\n<\/ul>\n<p>&nbsp;<\/p>\n<p dir=\"ltr\">El gobernador del estado, Mart\u00edn Orozco Sandoval puso en marcha los trabajos de rehabilitaci\u00f3n de la carpeta asf\u00e1ltica en Segundo Anillo, los cuales estar\u00e1n distribuidos en 16 puntos a lo largo de toda la avenida perif\u00e9rica, con la finalidad de mejorar las condiciones para los miles de conductores que transitan diariamente en esta vialidad.<\/p>\n<p>&nbsp;<\/p>\n<p dir=\"ltr\">El ejecutivo estatal se\u00f1al\u00f3 que entre los trabajos que se realizar\u00e1n se encuentran el retiro de la carpeta asf\u00e1ltica da\u00f1ada, misma que se sustituir\u00e1 por la colocaci\u00f3n de nueva.<\/p>\n<p>&nbsp;<\/p>\n<p dir=\"ltr\">Adem\u00e1s se har\u00e1 la conservaci\u00f3n rutinaria y aplicaci\u00f3n de riego de sello a lo largo de toda la calzada, asimismo, en la superficie de rodamiento se har\u00e1n bacheos, se pintar\u00e1n rayas separadoras de carriles, de parada, de cruces peatonales, de flechas y leyendas, as\u00ed como pintura parapetos en puentes, reponiendo vialetas, boyas, botones y bolardos, as\u00ed como se\u00f1ales verticales.<\/p>\n<p>&nbsp;<\/p>\n<p dir=\"ltr\">Cabe mencionar que se ejercer\u00e1 una inversi\u00f3n de 69 millones 83 mil pesos y se rehabilitar\u00e1 un total de 18 mil 258 metros lineales, interviniendo los 24 kil\u00f3metros del anillo perif\u00e9rico.<\/p>\n<p>&nbsp;<\/p>\n<p dir=\"ltr\">En su momento, Jos\u00e9 de Jes\u00fas Altamira Acosta, secretario de Obras P\u00fablicas, exhort\u00f3 a la poblaci\u00f3n a estar atentos a los anuncios que se publiquen sobre las intervenciones paulatinas que se har\u00e1n en dicho anillo, para que las y los conductores tomen sus precauciones con tiempo, adem\u00e1s, agreg\u00f3 que estas obras concluir\u00e1n en el mes de julio.<\/p>\n<p dir=\"ltr\">Por su parte, el alcalde del municipio de Aguascalientes, Leonardo Monta\u00f1ez Castro, agradeci\u00f3 la coordinaci\u00f3n que existe entre ambos niveles de gobierno para trabajar en beneficio de las y los conductores del estado, sin afectar las dem\u00e1s vialidades.<\/p>\n<p>&nbsp;<\/p>\n<p dir=\"ltr\">Durante el evento de arranque de obras estuvieron presentes el coordinador de Movilidad, Ricardo Serrano R\u00e1ngel; la encargada de despacho de la Secretar\u00eda\u00a0 de Obras P\u00fablicas Municipales, Gloria Castillo Gonz\u00e1lez; y diputados, representantes e ingenieros de distintos colegios y c\u00e1maras del estado.<\/p>\n<p dir=\"ltr\">&#8211;<\/p>\n","protected":false},"excerpt":{"rendered":"<p>#informativoelvalledeaguascalientes , #novaradioaguascalientes En 16 puntos de Av. Aguascalientes se realizar\u00e1n labores de encarpetamiento asf\u00e1ltico. La secretar\u00eda de obras p\u00fablicas alerta a la sociedad para que tome precauciones y anuncia que no se cerrar\u00e1 la circulaci\u00f3n en esa v\u00eda. &nbsp; El gobernador del estado, Mart\u00edn Orozco Sandoval puso en marcha los trabajos de rehabilitaci\u00f3n de [&hellip;]<\/p>\n","protected":false},"author":1,"featured_media":31251,"comment_status":"closed","ping_status":"open","sticky":false,"template":"","format":"standard","meta":{"advanced_seo_description":"","jetpack_seo_html_title":"","jetpack_seo_noindex":false,"_jetpack_memberships_contains_paid_content":false,"footnotes":"","jetpack_publicize_message":"","jetpack_publicize_feature_enabled":true,"jetpack_social_post_already_shared":true,"jetpack_social_options":{"image_generator_settings":{"template":"highway","default_image_id":0,"font":"","enabled":false},"version":2}},"categories":[21,4],"tags":[22,31,46],"class_list":["post-31250","post","type-post","status-publish","format-standard","has-post-thumbnail","hentry","category-aguascalientes","category-gobierno-del-estado-aguascalientes","tag-aguascalientes","tag-mos","tag-sop"],"jetpack_publicize_connections":[],"jetpack_featured_media_url":"https:\/\/i0.wp.com\/informativoelvalledeaguascalientes.online\/wp-content\/uploads\/2022\/05\/WhatsApp-Image-2022-05-21-at-12.46.34-PM-1.jpeg?fit=1024%2C682&ssl=1","jetpack-related-posts":[],"jetpack_sharing_enabled":true,"jetpack_likes_enabled":true,"_links":{"self":[{"href":"https:\/\/informativoelvalledeaguascalientes.online\/index.php?rest_route=\/wp\/v2\/posts\/31250","targetHints":{"allow":["GET"]}}],"collection":[{"href":"https:\/\/informativoelvalledeaguascalientes.online\/index.php?rest_route=\/wp\/v2\/posts"}],"about":[{"href":"https:\/\/informativoelvalledeaguascalientes.online\/index.php?rest_route=\/wp\/v2\/types\/post"}],"author":[{"embeddable":true,"href":"https:\/\/informativoelvalledeaguascalientes.online\/index.php?rest_route=\/wp\/v2\/users\/1"}],"replies":[{"embeddable":true,"href":"https:\/\/informativoelvalledeaguascalientes.online\/index.php?rest_route=%2Fwp%2Fv2%2Fcomments&post=31250"}],"version-history":[{"count":1,"href":"https:\/\/informativoelvalledeaguascalientes.online\/index.php?rest_route=\/wp\/v2\/posts\/31250\/revisions"}],"predecessor-version":[{"id":31252,"href":"https:\/\/informativoelvalledeaguascalientes.online\/index.php?rest_route=\/wp\/v2\/posts\/31250\/revisions\/31252"}],"wp:featuredmedia":[{"embeddable":true,"href":"https:\/\/informativoelvalledeaguascalientes.online\/index.php?rest_route=\/wp\/v2\/media\/31251"}],"wp:attachment":[{"href":"https:\/\/informativoelvalledeaguascalientes.online\/index.php?rest_route=%2Fwp%2Fv2%2Fmedia&parent=31250"}],"wp:term":[{"taxonomy":"category","embeddable":true,"href":"https:\/\/informativoelvalledeaguascalientes.online\/index.php?rest_route=%2Fwp%2Fv2%2Fcategories&post=31250"},{"taxonomy":"post_tag","embeddable":true,"href":"https:\/\/informativoelvalledeaguascalientes.online\/index.php?rest_route=%2Fwp%2Fv2%2Ftags&post=31250"}],"curies":[{"name":"wp","href":"https:\/\/api.w.org\/{rel}","templated":true}]}}