{"id":31223,"date":"2022-05-21T11:28:59","date_gmt":"2022-05-21T17:28:59","guid":{"rendered":"https:\/\/informativoelvalledeaguascalientes.online\/?p=31223"},"modified":"2022-05-21T11:28:59","modified_gmt":"2022-05-21T17:28:59","slug":"comision-de-ciencia-y-tecnologia-del-congreso-de-aguascalientes-entabla-primer-acercamiento-con-el-cide","status":"publish","type":"post","link":"https:\/\/informativoelvalledeaguascalientes.online\/?p=31223","title":{"rendered":"COMISI\u00d3N DE CIENCIA Y TECNOLOG\u00cdA DEL CONGRESO DE AGUASCALIENTES ENTABLA PRIMER ACERCAMIENTO CON EL CIDE\u00a0"},"content":{"rendered":"<p><strong>#informativoelvalledeaguascalientes , #novaradioaguascalientes<\/strong><\/p>\n<p>&nbsp;<\/p>\n<p>El Congreso de Aguascalientes de la LXV Legislatura, a trav\u00e9s de la comisi\u00f3n de Ciencia y Tecnolog\u00eda, que preside la diputada Ana G\u00f3mez, entabl\u00f3 el primer acercamiento con el Centro de Investigaci\u00f3n y Docencia Econ\u00f3micas (CIDE), con miras a realizar en el mediano plazo, actividades conjuntas de investigaci\u00f3n, capacitaci\u00f3n, evaluaci\u00f3n y desarrollo de acciones y proyectos en materia legislativa, diagn\u00f3stico y an\u00e1lisis de pol\u00edticas p\u00fablicas, y estudio de los problemas sociales de Aguascalientes.<\/p>\n<p>&nbsp;<\/p>\n<p>Con la presencia del director del CIDE Regi\u00f3n Centro, el Doctor Gabriel Pur\u00f3n Cid y teniendo como sede el Auditorio del Poder Legislativo, Pedro Garc\u00eda Rojas, se acord\u00f3 trabajar en el convenio de colaboraci\u00f3n general, puntualizando que se proyectan resultados de las siguientes actividades:<\/p>\n<p>&nbsp;<\/p>\n<p>Proyectos de investigaci\u00f3n y estudios espec\u00edficos; Celebraci\u00f3n de conferencias, cursos y diplomados; Intercambios y acceso a informaci\u00f3n sistematizada; Consultor\u00eda y asesor\u00eda t\u00e9cnica; Desarrollo de metodolog\u00edas para la evaluaci\u00f3n de las acciones del Poder Legislativo; Desarrollo de metodolog\u00edas para la transparencia de las acciones y erogaciones del Poder Legislativo; Capacitaci\u00f3n de alto nivel a representantes del Poder Legislativo, servidores p\u00fablicos y asesores; Estancias y servicio social de alumnos del CIDE en el Congreso.<\/p>\n<p>&nbsp;<\/p>\n<p>\u201cBuscamos realizar un mejor trabajo legislativo de la mano de expertos. Sabemos que se requiere de la generaci\u00f3n de conocimiento y uso de las tecnolog\u00edas para buscar que Aguascalientes este a la vanguardia\u201d.<\/p>\n<p>&nbsp;<\/p>\n<p>La legisladora expres\u00f3 que se trabajar\u00e1 de manera conjunta con la academia para consolidar un mejor Aguascalientes para las y los ciudadanos, potenciando la generaci\u00f3n de nuevas tecnolog\u00edas, el conocimiento y la innovaci\u00f3n, con el objetivo de traducir todo esto en de bienestar social.<\/p>\n<p>&nbsp;<\/p>\n<p>Se cont\u00f3 con la presencia de las y los legisladores Arturo Pi\u00f1a, Ra\u00fal Silva Perezchica, Yoli Rodr\u00edguez, Nancy Guti\u00e9rrez, Leslie Figueroa y Juanis Mart\u00ednez.<\/p>\n<p>&nbsp;<\/p>\n","protected":false},"excerpt":{"rendered":"<p>#informativoelvalledeaguascalientes , #novaradioaguascalientes &nbsp; El Congreso de Aguascalientes de la LXV Legislatura, a trav\u00e9s de la comisi\u00f3n de Ciencia y Tecnolog\u00eda, que preside la diputada Ana G\u00f3mez, entabl\u00f3 el primer acercamiento con el Centro de Investigaci\u00f3n y Docencia Econ\u00f3micas (CIDE), con miras a realizar en el mediano plazo, actividades conjuntas de investigaci\u00f3n, capacitaci\u00f3n, evaluaci\u00f3n y [&hellip;]<\/p>\n","protected":false},"author":1,"featured_media":31226,"comment_status":"closed","ping_status":"open","sticky":false,"template":"","format":"standard","meta":{"advanced_seo_description":"","jetpack_seo_html_title":"","jetpack_seo_noindex":false,"_jetpack_memberships_contains_paid_content":false,"footnotes":"","jetpack_publicize_message":"","jetpack_publicize_feature_enabled":true,"jetpack_social_post_already_shared":true,"jetpack_social_options":{"image_generator_settings":{"template":"highway","default_image_id":0,"font":"","enabled":false},"version":2}},"categories":[21,5],"tags":[22,520],"class_list":["post-31223","post","type-post","status-publish","format-standard","has-post-thumbnail","hentry","category-aguascalientes","category-h-congreso-del-estado-aguascalientes","tag-aguascalientes","tag-lxv-legislatura-aguascalientes"],"jetpack_publicize_connections":[],"jetpack_featured_media_url":"https:\/\/i0.wp.com\/informativoelvalledeaguascalientes.online\/wp-content\/uploads\/2022\/05\/DSC_2676.jpg?fit=916%2C568&ssl=1","jetpack-related-posts":[],"jetpack_sharing_enabled":true,"jetpack_likes_enabled":true,"_links":{"self":[{"href":"https:\/\/informativoelvalledeaguascalientes.online\/index.php?rest_route=\/wp\/v2\/posts\/31223","targetHints":{"allow":["GET"]}}],"collection":[{"href":"https:\/\/informativoelvalledeaguascalientes.online\/index.php?rest_route=\/wp\/v2\/posts"}],"about":[{"href":"https:\/\/informativoelvalledeaguascalientes.online\/index.php?rest_route=\/wp\/v2\/types\/post"}],"author":[{"embeddable":true,"href":"https:\/\/informativoelvalledeaguascalientes.online\/index.php?rest_route=\/wp\/v2\/users\/1"}],"replies":[{"embeddable":true,"href":"https:\/\/informativoelvalledeaguascalientes.online\/index.php?rest_route=%2Fwp%2Fv2%2Fcomments&post=31223"}],"version-history":[{"count":1,"href":"https:\/\/informativoelvalledeaguascalientes.online\/index.php?rest_route=\/wp\/v2\/posts\/31223\/revisions"}],"predecessor-version":[{"id":31227,"href":"https:\/\/informativoelvalledeaguascalientes.online\/index.php?rest_route=\/wp\/v2\/posts\/31223\/revisions\/31227"}],"wp:featuredmedia":[{"embeddable":true,"href":"https:\/\/informativoelvalledeaguascalientes.online\/index.php?rest_route=\/wp\/v2\/media\/31226"}],"wp:attachment":[{"href":"https:\/\/informativoelvalledeaguascalientes.online\/index.php?rest_route=%2Fwp%2Fv2%2Fmedia&parent=31223"}],"wp:term":[{"taxonomy":"category","embeddable":true,"href":"https:\/\/informativoelvalledeaguascalientes.online\/index.php?rest_route=%2Fwp%2Fv2%2Fcategories&post=31223"},{"taxonomy":"post_tag","embeddable":true,"href":"https:\/\/informativoelvalledeaguascalientes.online\/index.php?rest_route=%2Fwp%2Fv2%2Ftags&post=31223"}],"curies":[{"name":"wp","href":"https:\/\/api.w.org\/{rel}","templated":true}]}}