{"id":31221,"date":"2022-05-21T11:25:45","date_gmt":"2022-05-21T17:25:45","guid":{"rendered":"https:\/\/informativoelvalledeaguascalientes.online\/?p=31221"},"modified":"2022-05-21T11:25:45","modified_gmt":"2022-05-21T17:25:45","slug":"diputada-vero-romo-llama-a-la-poblacion-a-estar-atentos-por-casos-de-hepatitis-aguda-infantil","status":"publish","type":"post","link":"https:\/\/informativoelvalledeaguascalientes.online\/?p=31221","title":{"rendered":"DIPUTADA VERO ROMO LLAMA A LA POBLACI\u00d3N A ESTAR ATENTOS POR CASOS DE HEPATITIS AGUDA INFANTIL"},"content":{"rendered":"<p><strong>#informativoelvalledeaguascalientes , #novaradioaguascalientes<\/strong><\/p>\n<p>Durante la sesi\u00f3n ordinaria de la Comisi\u00f3n de Salud P\u00fablica y Asistencia Social del Congreso de Aguascalientes, la presidenta de este \u00f3rgano legislativo, diputada Vero Romo, hizo un llamado a la poblaci\u00f3n a estar atentos a los casos hepatitis aguda que se han presentado en menores de edad en otras entidades del pa\u00eds.<\/p>\n<p>&nbsp;<\/p>\n<p>La legisladora dijo que si bien no se trata de alarmar a la sociedad, se\u00f1al\u00f3 que \u201ctodas y todos, principalmente quienes tenemos hijas o hijos, como lo indica la autoridad sanitaria, debemos saber distinguir los s\u00edntomas, como debilitamiento, ojos amarillos y orina color caf\u00e9, y acudir de inmediato con el especialista\u201d.<\/p>\n<p>&nbsp;<\/p>\n<p>No obstante, la diputada Vero Romo mencion\u00f3 que tambi\u00e9n se tiene que detectar la diferencia con los s\u00edntomas de deshidrataci\u00f3n, por lo que tambi\u00e9n es importante mantener una ingesta de l\u00edquidos (agua) de forma considerable en el d\u00eda.<\/p>\n<p>&nbsp;<\/p>\n<p>De esta manera, la legisladora afirm\u00f3 que la Comisi\u00f3n de Salud P\u00fablica y Asistencia Social del Congreso de Aguascalientes, se mantendr\u00e1 atenta sobre el curso que tome esta situaci\u00f3n, para coadyuvar en todo momento con la autoridad de salud.<\/p>\n<p>&nbsp;<\/p>\n<p>Adem\u00e1s de la ya mencionada, en la reuni\u00f3n participaron las legisladoras Mayra Torres, Leslie Figueroa y Alma Hilda Medina, en su calidad de secretaria y vocales, en ese orden, del \u00f3rgano legislativo al que se hace referencia<strong>.<\/strong><\/p>\n","protected":false},"excerpt":{"rendered":"<p>#informativoelvalledeaguascalientes , #novaradioaguascalientes Durante la sesi\u00f3n ordinaria de la Comisi\u00f3n de Salud P\u00fablica y Asistencia Social del Congreso de Aguascalientes, la presidenta de este \u00f3rgano legislativo, diputada Vero Romo, hizo un llamado a la poblaci\u00f3n a estar atentos a los casos hepatitis aguda que se han presentado en menores de edad en otras entidades del [&hellip;]<\/p>\n","protected":false},"author":1,"featured_media":31224,"comment_status":"closed","ping_status":"open","sticky":false,"template":"","format":"standard","meta":{"advanced_seo_description":"","jetpack_seo_html_title":"","jetpack_seo_noindex":false,"_jetpack_memberships_contains_paid_content":false,"footnotes":"","jetpack_publicize_message":"","jetpack_publicize_feature_enabled":true,"jetpack_social_post_already_shared":true,"jetpack_social_options":{"image_generator_settings":{"template":"highway","default_image_id":0,"font":"","enabled":false},"version":2}},"categories":[5],"tags":[22,520],"class_list":["post-31221","post","type-post","status-publish","format-standard","has-post-thumbnail","hentry","category-h-congreso-del-estado-aguascalientes","tag-aguascalientes","tag-lxv-legislatura-aguascalientes"],"jetpack_publicize_connections":[],"jetpack_featured_media_url":"https:\/\/i0.wp.com\/informativoelvalledeaguascalientes.online\/wp-content\/uploads\/2022\/05\/DSC_2351.jpg?fit=852%2C568&ssl=1","jetpack-related-posts":[],"jetpack_sharing_enabled":true,"jetpack_likes_enabled":true,"_links":{"self":[{"href":"https:\/\/informativoelvalledeaguascalientes.online\/index.php?rest_route=\/wp\/v2\/posts\/31221","targetHints":{"allow":["GET"]}}],"collection":[{"href":"https:\/\/informativoelvalledeaguascalientes.online\/index.php?rest_route=\/wp\/v2\/posts"}],"about":[{"href":"https:\/\/informativoelvalledeaguascalientes.online\/index.php?rest_route=\/wp\/v2\/types\/post"}],"author":[{"embeddable":true,"href":"https:\/\/informativoelvalledeaguascalientes.online\/index.php?rest_route=\/wp\/v2\/users\/1"}],"replies":[{"embeddable":true,"href":"https:\/\/informativoelvalledeaguascalientes.online\/index.php?rest_route=%2Fwp%2Fv2%2Fcomments&post=31221"}],"version-history":[{"count":1,"href":"https:\/\/informativoelvalledeaguascalientes.online\/index.php?rest_route=\/wp\/v2\/posts\/31221\/revisions"}],"predecessor-version":[{"id":31225,"href":"https:\/\/informativoelvalledeaguascalientes.online\/index.php?rest_route=\/wp\/v2\/posts\/31221\/revisions\/31225"}],"wp:featuredmedia":[{"embeddable":true,"href":"https:\/\/informativoelvalledeaguascalientes.online\/index.php?rest_route=\/wp\/v2\/media\/31224"}],"wp:attachment":[{"href":"https:\/\/informativoelvalledeaguascalientes.online\/index.php?rest_route=%2Fwp%2Fv2%2Fmedia&parent=31221"}],"wp:term":[{"taxonomy":"category","embeddable":true,"href":"https:\/\/informativoelvalledeaguascalientes.online\/index.php?rest_route=%2Fwp%2Fv2%2Fcategories&post=31221"},{"taxonomy":"post_tag","embeddable":true,"href":"https:\/\/informativoelvalledeaguascalientes.online\/index.php?rest_route=%2Fwp%2Fv2%2Ftags&post=31221"}],"curies":[{"name":"wp","href":"https:\/\/api.w.org\/{rel}","templated":true}]}}