{"id":31219,"date":"2022-05-21T11:21:38","date_gmt":"2022-05-21T17:21:38","guid":{"rendered":"https:\/\/informativoelvalledeaguascalientes.online\/?p=31219"},"modified":"2022-05-21T11:21:38","modified_gmt":"2022-05-21T17:21:38","slug":"va-juanjo-hernandez-por-el-desarrollo-de-los-jovenes","status":"publish","type":"post","link":"https:\/\/informativoelvalledeaguascalientes.online\/?p=31219","title":{"rendered":"VA JUANJO HERN\u00c1NDEZ POR EL DESARROLLO DE LOS J\u00d3VENES."},"content":{"rendered":"<p><strong>#informativoelvalledeaguascalientes , #novaradioaguascalientes<\/strong><\/p>\n<p>PRESENTA INICIATIVA QUE BUSCA FORTALECER EL DESARROLLO DE LAS Y LOS J\u00d3VENES.<\/p>\n<p>.-En la D\u00e9cima Primera Sesi\u00f3n del Segundo Periodo Legislativo celebrada en el Pleno del H. Congreso del Estado de Aguascalientes, el Diputado Juanjo Hern\u00e1ndez present\u00f3 una iniciativa, misma que busca implementar un \u00f3rgano de an\u00e1lisis y evaluaci\u00f3n del impacto de las pol\u00edticas p\u00fablicas dirigidas a la juventud, ya que este es un sector vulnerable debido a la falta de oportunidades y de impulso.<\/p>\n<p>En su intervenci\u00f3n desde la m\u00e1xima tribuna del Estado el Diputado afirm\u00f3: \u201cSe requieren medidas urgentes y necesarias que proyecten el futuro educativo, laboral y social de este sector\u201d,<br \/>\ncon esto el legislador reafirma el compromiso que tiene con el desarrollo de las juventudes de nuestro Estado.<\/p>\n","protected":false},"excerpt":{"rendered":"<p>#informativoelvalledeaguascalientes , #novaradioaguascalientes PRESENTA INICIATIVA QUE BUSCA FORTALECER EL DESARROLLO DE LAS Y LOS J\u00d3VENES. .-En la D\u00e9cima Primera Sesi\u00f3n del Segundo Periodo Legislativo celebrada en el Pleno del H. Congreso del Estado de Aguascalientes, el Diputado Juanjo Hern\u00e1ndez present\u00f3 una iniciativa, misma que busca implementar un \u00f3rgano de an\u00e1lisis y evaluaci\u00f3n del impacto de [&hellip;]<\/p>\n","protected":false},"author":1,"featured_media":31220,"comment_status":"closed","ping_status":"open","sticky":false,"template":"","format":"standard","meta":{"advanced_seo_description":"","jetpack_seo_html_title":"","jetpack_seo_noindex":false,"_jetpack_memberships_contains_paid_content":false,"footnotes":"","jetpack_publicize_message":"","jetpack_publicize_feature_enabled":true,"jetpack_social_post_already_shared":true,"jetpack_social_options":{"image_generator_settings":{"template":"highway","default_image_id":0,"font":"","enabled":false},"version":2}},"categories":[21,5],"tags":[22,520],"class_list":["post-31219","post","type-post","status-publish","format-standard","has-post-thumbnail","hentry","category-aguascalientes","category-h-congreso-del-estado-aguascalientes","tag-aguascalientes","tag-lxv-legislatura-aguascalientes"],"jetpack_publicize_connections":[],"jetpack_featured_media_url":"https:\/\/i0.wp.com\/informativoelvalledeaguascalientes.online\/wp-content\/uploads\/2022\/05\/0cfaefb5-b655-42cb-846e-3864ac587afb.jpg?fit=1200%2C1600&ssl=1","jetpack-related-posts":[],"jetpack_sharing_enabled":true,"jetpack_likes_enabled":true,"_links":{"self":[{"href":"https:\/\/informativoelvalledeaguascalientes.online\/index.php?rest_route=\/wp\/v2\/posts\/31219","targetHints":{"allow":["GET"]}}],"collection":[{"href":"https:\/\/informativoelvalledeaguascalientes.online\/index.php?rest_route=\/wp\/v2\/posts"}],"about":[{"href":"https:\/\/informativoelvalledeaguascalientes.online\/index.php?rest_route=\/wp\/v2\/types\/post"}],"author":[{"embeddable":true,"href":"https:\/\/informativoelvalledeaguascalientes.online\/index.php?rest_route=\/wp\/v2\/users\/1"}],"replies":[{"embeddable":true,"href":"https:\/\/informativoelvalledeaguascalientes.online\/index.php?rest_route=%2Fwp%2Fv2%2Fcomments&post=31219"}],"version-history":[{"count":1,"href":"https:\/\/informativoelvalledeaguascalientes.online\/index.php?rest_route=\/wp\/v2\/posts\/31219\/revisions"}],"predecessor-version":[{"id":31222,"href":"https:\/\/informativoelvalledeaguascalientes.online\/index.php?rest_route=\/wp\/v2\/posts\/31219\/revisions\/31222"}],"wp:featuredmedia":[{"embeddable":true,"href":"https:\/\/informativoelvalledeaguascalientes.online\/index.php?rest_route=\/wp\/v2\/media\/31220"}],"wp:attachment":[{"href":"https:\/\/informativoelvalledeaguascalientes.online\/index.php?rest_route=%2Fwp%2Fv2%2Fmedia&parent=31219"}],"wp:term":[{"taxonomy":"category","embeddable":true,"href":"https:\/\/informativoelvalledeaguascalientes.online\/index.php?rest_route=%2Fwp%2Fv2%2Fcategories&post=31219"},{"taxonomy":"post_tag","embeddable":true,"href":"https:\/\/informativoelvalledeaguascalientes.online\/index.php?rest_route=%2Fwp%2Fv2%2Ftags&post=31219"}],"curies":[{"name":"wp","href":"https:\/\/api.w.org\/{rel}","templated":true}]}}