{"id":31207,"date":"2022-05-21T11:09:43","date_gmt":"2022-05-21T17:09:43","guid":{"rendered":"https:\/\/informativoelvalledeaguascalientes.online\/?p=31207"},"modified":"2022-05-21T11:09:43","modified_gmt":"2022-05-21T17:09:43","slug":"%f0%9f%91%a9%f0%9f%8f%bb%e2%80%8d%e2%9a%95%ef%b8%8fcomo-parte-de-la-%f0%9d%99%8b%f0%9d%99%a7%f0%9d%99%9e%f0%9d%99%a2%f0%9d%99%9a%f0%9d%99%a7%f0%9d%99%96-%f0%9d%99%85%f0%9d%99%a4%f0%9d%99%a7","status":"publish","type":"post","link":"https:\/\/informativoelvalledeaguascalientes.online\/?p=31207","title":{"rendered":"\ud83d\udc69\ud83c\udffb\u200d\u2695\ufe0fComo parte de la \ud835\ude4b\ud835\ude67\ud835\ude5e\ud835\ude62\ud835\ude5a\ud835\ude67\ud835\ude56 \ud835\ude45\ud835\ude64\ud835\ude67\ud835\ude63\ud835\ude56\ud835\ude59\ud835\ude56 \ud835\ude49\ud835\ude56\ud835\ude58\ud835\ude5e\ud835\ude64\ud835\ude63\ud835\ude56\ud835\ude61 \ud835\ude59\ud835\ude5a \ud835\ude4e\ud835\ude56\ud835\ude61\ud835\ude6a\ud835\ude59 \ud835\ude4b\ud835\ude6a\u0301\ud835\ude57\ud835\ude61\ud835\ude5e\ud835\ude58\ud835\ude56, te invitamos a la \ud835\udc05\ud835\udc04\ud835\udc11\ud835\udc08\ud835\udc00 \ud835\udc03\ud835\udc04 \ud835\udc0b\ud835\udc00 \ud835\udc12\ud835\udc00\ud835\udc0b\ud835\udc14\ud835\udc03 en #Calvillo"},"content":{"rendered":"<p><strong>#informativoelvalledeaguascalientes , #novaradioaguascalientes<\/strong><\/p>\n<p>\ud83d\udc8a Domingo 22 de mayo<br \/>\n\ud83d\udc8a De 8:30am a 3:00pm<br \/>\n\ud83d\udc8a Kiosko de la Plaza Principal<\/p>\n<p>\ud83d\udc89\ud83e\ude7a\ud83e\uddeb\ud83e\uddb7\ud835\udc12\ud835\udc1e \ud835\udc1e\ud835\udc2c\ud835\udc2d\ud835\udc1a\ud835\udc2b\ud835\udc1a\u0301\ud835\udc27 \ud835\udc28\ud835\udc1f\ud835\udc1e\ud835\udc2b\ud835\udc2d\ud835\udc1a\ud835\udc27\ud835\udc1d\ud835\udc28 \ud835\udc2f\ud835\udc1a\ud835\udc2b\ud835\udc22\ud835\udc28\ud835\udc2c \ud835\udc2c\ud835\udc1e\ud835\udc2b\ud835\udc2f\ud835\udc22\ud835\udc1c\ud835\udc22\ud835\udc28\ud835\udc2c \ud835\udc1c\ud835\udc28\ud835\udc26\ud835\udc28:<br \/>\norientaci\u00f3n sobre alimentaci\u00f3n correcta, activaci\u00f3n f\u00edsica, salud mental, salud sexual y reproductiva, detecci\u00f3nes vih\/sifilis, distribuci\u00f3n de vida suero oral, albendazol, completar esquemas de vacunaci\u00f3n entre otras&#8230;<\/p>\n<p>\u00a1\ud835\ude4f\ud835\ude5a \ud835\ude5a\ud835\ude68\ud835\ude65\ud835\ude5a\ud835\ude67\ud835\ude56\ud835\ude62\ud835\ude64\ud835\ude68!<\/p>\n","protected":false},"excerpt":{"rendered":"<p>#informativoelvalledeaguascalientes , #novaradioaguascalientes \ud83d\udc8a Domingo 22 de mayo \ud83d\udc8a De 8:30am a 3:00pm \ud83d\udc8a Kiosko de la Plaza Principal \ud83d\udc89\ud83e\ude7a\ud83e\uddeb\ud83e\uddb7\ud835\udc12\ud835\udc1e \ud835\udc1e\ud835\udc2c\ud835\udc2d\ud835\udc1a\ud835\udc2b\ud835\udc1a\u0301\ud835\udc27 \ud835\udc28\ud835\udc1f\ud835\udc1e\ud835\udc2b\ud835\udc2d\ud835\udc1a\ud835\udc27\ud835\udc1d\ud835\udc28 \ud835\udc2f\ud835\udc1a\ud835\udc2b\ud835\udc22\ud835\udc28\ud835\udc2c \ud835\udc2c\ud835\udc1e\ud835\udc2b\ud835\udc2f\ud835\udc22\ud835\udc1c\ud835\udc22\ud835\udc28\ud835\udc2c \ud835\udc1c\ud835\udc28\ud835\udc26\ud835\udc28: orientaci\u00f3n sobre alimentaci\u00f3n correcta, activaci\u00f3n f\u00edsica, salud mental, salud sexual y reproductiva, detecci\u00f3nes vih\/sifilis, distribuci\u00f3n de vida suero oral, albendazol, completar esquemas de vacunaci\u00f3n entre otras&#8230; \u00a1\ud835\ude4f\ud835\ude5a \ud835\ude5a\ud835\ude68\ud835\ude65\ud835\ude5a\ud835\ude67\ud835\ude56\ud835\ude62\ud835\ude64\ud835\ude68!<\/p>\n","protected":false},"author":1,"featured_media":31209,"comment_status":"closed","ping_status":"open","sticky":false,"template":"","format":"standard","meta":{"advanced_seo_description":"","jetpack_seo_html_title":"","jetpack_seo_noindex":false,"_jetpack_memberships_contains_paid_content":false,"footnotes":"","jetpack_publicize_message":"","jetpack_publicize_feature_enabled":true,"jetpack_social_post_already_shared":true,"jetpack_social_options":{"image_generator_settings":{"template":"highway","default_image_id":0,"font":"","enabled":false},"version":2}},"categories":[21,13],"tags":[22,88,29],"class_list":["post-31207","post","type-post","status-publish","format-standard","has-post-thumbnail","hentry","category-aguascalientes","category-calvillo-aguascalientes","tag-aguascalientes","tag-calvillo","tag-calvillo-aguascalientes"],"jetpack_publicize_connections":[],"jetpack_featured_media_url":"https:\/\/i0.wp.com\/informativoelvalledeaguascalientes.online\/wp-content\/uploads\/2022\/05\/29cf6e79-70ff-45cb-94d3-9b37747aeb9f.jpg?fit=1280%2C640&ssl=1","jetpack-related-posts":[],"jetpack_sharing_enabled":true,"jetpack_likes_enabled":true,"_links":{"self":[{"href":"https:\/\/informativoelvalledeaguascalientes.online\/index.php?rest_route=\/wp\/v2\/posts\/31207","targetHints":{"allow":["GET"]}}],"collection":[{"href":"https:\/\/informativoelvalledeaguascalientes.online\/index.php?rest_route=\/wp\/v2\/posts"}],"about":[{"href":"https:\/\/informativoelvalledeaguascalientes.online\/index.php?rest_route=\/wp\/v2\/types\/post"}],"author":[{"embeddable":true,"href":"https:\/\/informativoelvalledeaguascalientes.online\/index.php?rest_route=\/wp\/v2\/users\/1"}],"replies":[{"embeddable":true,"href":"https:\/\/informativoelvalledeaguascalientes.online\/index.php?rest_route=%2Fwp%2Fv2%2Fcomments&post=31207"}],"version-history":[{"count":1,"href":"https:\/\/informativoelvalledeaguascalientes.online\/index.php?rest_route=\/wp\/v2\/posts\/31207\/revisions"}],"predecessor-version":[{"id":31211,"href":"https:\/\/informativoelvalledeaguascalientes.online\/index.php?rest_route=\/wp\/v2\/posts\/31207\/revisions\/31211"}],"wp:featuredmedia":[{"embeddable":true,"href":"https:\/\/informativoelvalledeaguascalientes.online\/index.php?rest_route=\/wp\/v2\/media\/31209"}],"wp:attachment":[{"href":"https:\/\/informativoelvalledeaguascalientes.online\/index.php?rest_route=%2Fwp%2Fv2%2Fmedia&parent=31207"}],"wp:term":[{"taxonomy":"category","embeddable":true,"href":"https:\/\/informativoelvalledeaguascalientes.online\/index.php?rest_route=%2Fwp%2Fv2%2Fcategories&post=31207"},{"taxonomy":"post_tag","embeddable":true,"href":"https:\/\/informativoelvalledeaguascalientes.online\/index.php?rest_route=%2Fwp%2Fv2%2Ftags&post=31207"}],"curies":[{"name":"wp","href":"https:\/\/api.w.org\/{rel}","templated":true}]}}