{"id":3119,"date":"2020-02-18T16:32:19","date_gmt":"2020-02-18T22:32:19","guid":{"rendered":"https:\/\/informativoelvalledeaguascalientes.online\/?p=3119"},"modified":"2020-02-18T16:32:19","modified_gmt":"2020-02-18T22:32:19","slug":"fiesta-civica-artistica-en-la-plaza-de-la-patria-para-conmemorar-el-dia-del-ejercito","status":"publish","type":"post","link":"https:\/\/informativoelvalledeaguascalientes.online\/?p=3119","title":{"rendered":"FIESTA C\u00cdVICA-ART\u00cdSTICA EN LA PLAZA DE LA PATRIA PARA CONMEMORAR EL D\u00cdA DEL EJ\u00c9RCITO"},"content":{"rendered":"<ul>\n<li style=\"font-weight: 400;\"><strong><em>El protocolo inicia este mi\u00e9rcoles 19 de febrero a las 18:00 horas y\u00a0 posteriormente habr\u00e1 una convivencia entre la poblaci\u00f3n y militares<\/em><\/strong><\/li>\n<li style=\"font-weight: 400;\"><strong><em>Amenizar\u00e1 la festividad un mariachi con solista y un grupo de danza folcl\u00f3rica<\/em><\/strong><\/li>\n<\/ul>\n<p style=\"font-weight: 400;\"><strong><em>\u00a0<\/em><\/strong><\/p>\n<p style=\"font-weight: 400;\">Por primera vez se realizar\u00e1 una Fiesta C\u00edvica-Art\u00edstica para la conmemoraci\u00f3n del D\u00eda del Ej\u00e9rcito, con el fin de fomentar una convivencia entre la poblaci\u00f3n e integrantes de la 14a Zona Militar, que refuerza los valores de lealtad y compromiso que representan las fuerzas armadas, as\u00ed lo inform\u00f3 el director general de Desarrollo C\u00edvico, Adri\u00e1n S\u00e1nchez Rodr\u00edguez.<\/p>\n<p style=\"font-weight: 400;\">\n<p style=\"font-weight: 400;\">La referida celebraci\u00f3n se realizar\u00e1 este mi\u00e9rcoles 19 de febrero en la Plaza de la Patria, a partir de las 18:00 horas, en coordinaci\u00f3n con la 14a Zona Militar, buscando generar un espacio de interacci\u00f3n entre los aguascalentenses y los representantes del Ej\u00e9rcito, quienes adem\u00e1s de la defensa en honor de la patria, realizan diferentes tareas con un alto sentido social y humanitario que en ocasiones pasan inadvertidas.<\/p>\n<p style=\"font-weight: 400;\">\n<p style=\"font-weight: 400;\">De esta forma, se invita a la poblaci\u00f3n en general para que asistan a la ceremonia del protocolo que inicia a las 18:00 horas y continuar\u00e1 con la amenizaci\u00f3n del mariachi \u201cLos Potrillos\u201d acompa\u00f1ado de la cantante Roc\u00edo \u00c1lvarez, el grupo de danza folcl\u00f3rica de maestros jubilados \u201cXonacatique\u201d, en una festividad que permitir\u00e1 a la sociedad acercarse a esta instituci\u00f3n nacional, respetuosa de la Constituci\u00f3n y las leyes en general, s\u00edmbolo de lealtad hacia M\u00e9xico.<\/p>\n","protected":false},"excerpt":{"rendered":"<p>El protocolo inicia este mi\u00e9rcoles 19 de febrero a las 18:00 horas y\u00a0 posteriormente habr\u00e1 una convivencia entre la poblaci\u00f3n y militares Amenizar\u00e1 la festividad un mariachi con solista y un grupo de danza folcl\u00f3rica \u00a0 Por primera vez se realizar\u00e1 una Fiesta C\u00edvica-Art\u00edstica para la conmemoraci\u00f3n del D\u00eda del Ej\u00e9rcito, con el fin de [&hellip;]<\/p>\n","protected":false},"author":1,"featured_media":3120,"comment_status":"closed","ping_status":"open","sticky":false,"template":"","format":"standard","meta":{"advanced_seo_description":"","jetpack_seo_html_title":"","jetpack_seo_noindex":false,"_jetpack_memberships_contains_paid_content":false,"footnotes":"","jetpack_publicize_message":"","jetpack_publicize_feature_enabled":true,"jetpack_social_post_already_shared":true,"jetpack_social_options":{"image_generator_settings":{"template":"highway","default_image_id":0,"font":"","enabled":false},"version":2}},"categories":[1],"tags":[22,51],"class_list":["post-3119","post","type-post","status-publish","format-standard","has-post-thumbnail","hentry","category-uncategorized","tag-aguascalientes","tag-seggob"],"jetpack_publicize_connections":[],"jetpack_featured_media_url":"https:\/\/i0.wp.com\/informativoelvalledeaguascalientes.online\/wp-content\/uploads\/2020\/02\/seggob_18022020.jpg?fit=873%2C582&ssl=1","jetpack-related-posts":[],"jetpack_sharing_enabled":true,"jetpack_likes_enabled":true,"_links":{"self":[{"href":"https:\/\/informativoelvalledeaguascalientes.online\/index.php?rest_route=\/wp\/v2\/posts\/3119","targetHints":{"allow":["GET"]}}],"collection":[{"href":"https:\/\/informativoelvalledeaguascalientes.online\/index.php?rest_route=\/wp\/v2\/posts"}],"about":[{"href":"https:\/\/informativoelvalledeaguascalientes.online\/index.php?rest_route=\/wp\/v2\/types\/post"}],"author":[{"embeddable":true,"href":"https:\/\/informativoelvalledeaguascalientes.online\/index.php?rest_route=\/wp\/v2\/users\/1"}],"replies":[{"embeddable":true,"href":"https:\/\/informativoelvalledeaguascalientes.online\/index.php?rest_route=%2Fwp%2Fv2%2Fcomments&post=3119"}],"version-history":[{"count":1,"href":"https:\/\/informativoelvalledeaguascalientes.online\/index.php?rest_route=\/wp\/v2\/posts\/3119\/revisions"}],"predecessor-version":[{"id":3121,"href":"https:\/\/informativoelvalledeaguascalientes.online\/index.php?rest_route=\/wp\/v2\/posts\/3119\/revisions\/3121"}],"wp:featuredmedia":[{"embeddable":true,"href":"https:\/\/informativoelvalledeaguascalientes.online\/index.php?rest_route=\/wp\/v2\/media\/3120"}],"wp:attachment":[{"href":"https:\/\/informativoelvalledeaguascalientes.online\/index.php?rest_route=%2Fwp%2Fv2%2Fmedia&parent=3119"}],"wp:term":[{"taxonomy":"category","embeddable":true,"href":"https:\/\/informativoelvalledeaguascalientes.online\/index.php?rest_route=%2Fwp%2Fv2%2Fcategories&post=3119"},{"taxonomy":"post_tag","embeddable":true,"href":"https:\/\/informativoelvalledeaguascalientes.online\/index.php?rest_route=%2Fwp%2Fv2%2Ftags&post=3119"}],"curies":[{"name":"wp","href":"https:\/\/api.w.org\/{rel}","templated":true}]}}