{"id":31162,"date":"2022-05-20T15:58:39","date_gmt":"2022-05-20T21:58:39","guid":{"rendered":"https:\/\/informativoelvalledeaguascalientes.online\/?p=31162"},"modified":"2022-05-20T15:58:39","modified_gmt":"2022-05-20T21:58:39","slug":"fortalecer-servicios-de-salud-mental-sera-una-prioridad-tere-jimenez","status":"publish","type":"post","link":"https:\/\/informativoelvalledeaguascalientes.online\/?p=31162","title":{"rendered":"\u201cFORTALECER SERVICIOS DE SALUD MENTAL SER\u00c1 UNA PRIORIDAD\u201d: TERE JIMENEZ"},"content":{"rendered":"<hr \/>\n<p>\u2022 Se crear\u00e1 un programa de atenci\u00f3n integral de salud mental<\/p>\n<p>\u2022 Los Centros de Salud y escuelas contar\u00e1n con especialistas que brinden apoyo a quienes as\u00ed lo requieran<\/p>\n<p>\u2022 Se promover\u00e1n pol\u00edticas p\u00fablicas transversales que permitan disminuir la incidencia de problemas de salud mental<\/p>\n<p>Tere Jim\u00e9nez, candidata a la gubernatura por la coalici\u00f3n \u201cVa Por Aguascalientes\u201d, consider\u00f3 que la salud mental es un tema de vital importancia, ya que uno de cada cuatro mexicanos mayores de edad ha padecido trastornos de este tipo, pero solo uno de cada cinco es tratado.<\/p>\n<p>En nuestro pa\u00eds la salud sigue siendo un tema pendiente. Muchos mexicanos carecen de un esquema que les permita acceder a atenci\u00f3n m\u00e9dica y la situaci\u00f3n es a\u00fan m\u00e1s complicada con respecto a problemas emocionales o psiqui\u00e1tricos, los cuales derivan en padecimientos que pueden resultar incapacitantes.<\/p>\n<p>La Organizaci\u00f3n Mundial de la Salud (OMS) proyecta que para el 2030 la depresi\u00f3n ser\u00e1 la segunda causa de disminuci\u00f3n de a\u00f1os de vida saludable a escala mundial y la primera en los pa\u00edses desarrollados, motivo por el cual ha reconocido el tema como un asunto de inter\u00e9s p\u00fablico, incluy\u00e9ndolo en los Objetivos Globales del Desarrollo Sostenible.<\/p>\n<p>Tere Jim\u00e9nez se\u00f1al\u00f3 que, ante la importancia de este tema y la necesidad de promover pol\u00edticas que prevengan el agravamiento de la situaci\u00f3n, su gesti\u00f3n trabajar\u00e1 para generar un Esquema Integral de Salud al alcance de todos. Se planea la contrataci\u00f3n de especialistas en salud emocional y psicol\u00f3gica que habr\u00e1n de fortalecer las instituciones de salud ya existentes, as\u00ed como los Centros de Salud de los municipios del interior.<\/p>\n<p>As\u00ed, con el af\u00e1n de prevenir problemas de este tipo en la ni\u00f1ez de Aguascalientes, las escuelas contar\u00e1n con psic\u00f3logos que orienten y den soporte a estudiantes que presenten problemas emocionales o de otro tipo.<\/p>\n<p>La candidata se\u00f1al\u00f3 que prevenir y tratar estas afectaciones en lo local es sumamente importante, pues cualquiera puede padecer alg\u00fan problema de este tipo a lo largo de su vida.<\/p>\n<p>Seg\u00fan estudios de la OMS, se han detectado, adem\u00e1s de los factores gen\u00e9ticos, otros que pudieran incidir como detonantes de alg\u00fan padecimiento psicol\u00f3gico, convirtiendo a algunos grupos poblacionales en vulnerables:<\/p>\n<p>Las familias en situaci\u00f3n de pobreza<br \/>\nIndividuos desempleados<br \/>\nAdultos en plenitud<br \/>\nV\u00edctimas de violencia o abuso<br \/>\nNi\u00f1os y ni\u00f1as violentados<br \/>\nPersonas con discapacidad<br \/>\nMadres adolescentes<br \/>\nPoblaci\u00f3n migrante<\/p>\n<p>En este sentido, la candidata puntualiz\u00f3 que su gesti\u00f3n promover\u00e1 pol\u00edticas transversales que permitan resolver el problema de ra\u00edz, pues no solo se trata de otorgar tratamientos a quienes as\u00ed lo necesiten, sino tambi\u00e9n promover condiciones que permitan generar oportunidades que mejoren la calidad de vida de grupos vulnerables y la ciudadan\u00eda en general.<\/p>\n<p>oo00oo<\/p>\n","protected":false},"excerpt":{"rendered":"<p>\u2022 Se crear\u00e1 un programa de atenci\u00f3n integral de salud mental \u2022 Los Centros de Salud y escuelas contar\u00e1n con especialistas que brinden apoyo a quienes as\u00ed lo requieran \u2022 Se promover\u00e1n pol\u00edticas p\u00fablicas transversales que permitan disminuir la incidencia de problemas de salud mental Tere Jim\u00e9nez, candidata a la gubernatura por la coalici\u00f3n \u201cVa [&hellip;]<\/p>\n","protected":false},"author":1,"featured_media":31163,"comment_status":"closed","ping_status":"open","sticky":false,"template":"","format":"standard","meta":{"advanced_seo_description":"","jetpack_seo_html_title":"","jetpack_seo_noindex":false,"_jetpack_memberships_contains_paid_content":false,"footnotes":"","jetpack_publicize_message":"","jetpack_publicize_feature_enabled":true,"jetpack_social_post_already_shared":true,"jetpack_social_options":{"image_generator_settings":{"template":"highway","default_image_id":0,"font":"","enabled":false},"version":2}},"categories":[21,7],"tags":[22,23,43,320],"class_list":["post-31162","post","type-post","status-publish","format-standard","has-post-thumbnail","hentry","category-aguascalientes","category-pan-aguascalientes","tag-aguascalientes","tag-pan-aguascalientes","tag-pan-aguascalientes-cde","tag-tere-jimenez"],"jetpack_publicize_connections":[],"jetpack_featured_media_url":"https:\/\/i0.wp.com\/informativoelvalledeaguascalientes.online\/wp-content\/uploads\/2022\/05\/IMG-20220520-WA0004.jpg?fit=1600%2C1066&ssl=1","jetpack-related-posts":[],"jetpack_sharing_enabled":true,"jetpack_likes_enabled":true,"_links":{"self":[{"href":"https:\/\/informativoelvalledeaguascalientes.online\/index.php?rest_route=\/wp\/v2\/posts\/31162","targetHints":{"allow":["GET"]}}],"collection":[{"href":"https:\/\/informativoelvalledeaguascalientes.online\/index.php?rest_route=\/wp\/v2\/posts"}],"about":[{"href":"https:\/\/informativoelvalledeaguascalientes.online\/index.php?rest_route=\/wp\/v2\/types\/post"}],"author":[{"embeddable":true,"href":"https:\/\/informativoelvalledeaguascalientes.online\/index.php?rest_route=\/wp\/v2\/users\/1"}],"replies":[{"embeddable":true,"href":"https:\/\/informativoelvalledeaguascalientes.online\/index.php?rest_route=%2Fwp%2Fv2%2Fcomments&post=31162"}],"version-history":[{"count":1,"href":"https:\/\/informativoelvalledeaguascalientes.online\/index.php?rest_route=\/wp\/v2\/posts\/31162\/revisions"}],"predecessor-version":[{"id":31164,"href":"https:\/\/informativoelvalledeaguascalientes.online\/index.php?rest_route=\/wp\/v2\/posts\/31162\/revisions\/31164"}],"wp:featuredmedia":[{"embeddable":true,"href":"https:\/\/informativoelvalledeaguascalientes.online\/index.php?rest_route=\/wp\/v2\/media\/31163"}],"wp:attachment":[{"href":"https:\/\/informativoelvalledeaguascalientes.online\/index.php?rest_route=%2Fwp%2Fv2%2Fmedia&parent=31162"}],"wp:term":[{"taxonomy":"category","embeddable":true,"href":"https:\/\/informativoelvalledeaguascalientes.online\/index.php?rest_route=%2Fwp%2Fv2%2Fcategories&post=31162"},{"taxonomy":"post_tag","embeddable":true,"href":"https:\/\/informativoelvalledeaguascalientes.online\/index.php?rest_route=%2Fwp%2Fv2%2Ftags&post=31162"}],"curies":[{"name":"wp","href":"https:\/\/api.w.org\/{rel}","templated":true}]}}