{"id":31157,"date":"2022-05-19T23:12:50","date_gmt":"2022-05-20T05:12:50","guid":{"rendered":"https:\/\/informativoelvalledeaguascalientes.online\/?p=31157"},"modified":"2022-05-19T23:12:50","modified_gmt":"2022-05-20T05:12:50","slug":"estrecha-lazos-de-colaboracion-tere-jimenez-con-embajador-de-corea-del-sur","status":"publish","type":"post","link":"https:\/\/informativoelvalledeaguascalientes.online\/?p=31157","title":{"rendered":"ESTRECHA LAZOS DE COLABORACI\u00d3N TERE JIM\u00c9NEZ CON EMBAJADOR DE COREA DEL SUR"},"content":{"rendered":"<p><strong>#informativoelvalledeaguascalientes , #novaradioaguascalientes<\/strong><\/p>\n<p>La candidata a la Gubernatura de Aguascalientes Tere Jim\u00e9nez sostuvo una reuni\u00f3n con el Embajador de Corea del Sur en M\u00e9xico, Suh Jeong-In, a quien manifest\u00f3 su gran inter\u00e9s en estrechar lazos de colaboraci\u00f3n.<\/p>\n<p>La candidata consider\u00f3 necesario fortalecer alianzas con socios de la importancia que tiene Corea del Sur, pues actualmente representa el comprador n\u00famero uno de autopartes producidas en Aguascalientes, lo que genera una derrama econ\u00f3mica de 53 millones de d\u00f3lares al a\u00f1o.<\/p>\n<p>La candidata a la gubernatura se\u00f1al\u00f3 que es de suma importancia hacer saber la proyecci\u00f3n que se tiene para el estado y generar con ello confianza en inversionistas que mantienen su capital en Aguascalientes.<\/p>\n<p>Se\u00f1al\u00f3 que su administraci\u00f3n tiene el gran compromiso de mantener la estabilidad econ\u00f3mica en lo local, y parte de respaldar esta din\u00e1mica radica en darle certeza a quienes conf\u00edan en Aguascalientes, para hacerles saber que su capital estar\u00e1 seguro.<\/p>\n<p>Asimismo, destac\u00f3 que este tipo de acercamientos permite focalizar medidas que respondan a las demandas del mercado productivo mundial, pues se deben tomar en cuenta diversas \u00f3pticas para encontrar las mejores decisiones y que detonen el crecimiento y estabilidad de la econom\u00eda local.<\/p>\n","protected":false},"excerpt":{"rendered":"<p>#informativoelvalledeaguascalientes , #novaradioaguascalientes La candidata a la Gubernatura de Aguascalientes Tere Jim\u00e9nez sostuvo una reuni\u00f3n con el Embajador de Corea del Sur en M\u00e9xico, Suh Jeong-In, a quien manifest\u00f3 su gran inter\u00e9s en estrechar lazos de colaboraci\u00f3n. La candidata consider\u00f3 necesario fortalecer alianzas con socios de la importancia que tiene Corea del Sur, pues actualmente [&hellip;]<\/p>\n","protected":false},"author":1,"featured_media":31160,"comment_status":"closed","ping_status":"open","sticky":false,"template":"","format":"standard","meta":{"advanced_seo_description":"","jetpack_seo_html_title":"","jetpack_seo_noindex":false,"_jetpack_memberships_contains_paid_content":false,"footnotes":"","jetpack_publicize_message":"","jetpack_publicize_feature_enabled":true,"jetpack_social_post_already_shared":true,"jetpack_social_options":{"image_generator_settings":{"template":"highway","default_image_id":0,"font":"","enabled":false},"version":2}},"categories":[21,7],"tags":[22,23,43,320],"class_list":["post-31157","post","type-post","status-publish","format-standard","has-post-thumbnail","hentry","category-aguascalientes","category-pan-aguascalientes","tag-aguascalientes","tag-pan-aguascalientes","tag-pan-aguascalientes-cde","tag-tere-jimenez"],"jetpack_publicize_connections":[],"jetpack_featured_media_url":"https:\/\/i0.wp.com\/informativoelvalledeaguascalientes.online\/wp-content\/uploads\/2022\/05\/bc2787e9-1e4e-4fff-a5d2-9849f9a24ed0.jpg?fit=1600%2C1066&ssl=1","jetpack-related-posts":[],"jetpack_sharing_enabled":true,"jetpack_likes_enabled":true,"_links":{"self":[{"href":"https:\/\/informativoelvalledeaguascalientes.online\/index.php?rest_route=\/wp\/v2\/posts\/31157","targetHints":{"allow":["GET"]}}],"collection":[{"href":"https:\/\/informativoelvalledeaguascalientes.online\/index.php?rest_route=\/wp\/v2\/posts"}],"about":[{"href":"https:\/\/informativoelvalledeaguascalientes.online\/index.php?rest_route=\/wp\/v2\/types\/post"}],"author":[{"embeddable":true,"href":"https:\/\/informativoelvalledeaguascalientes.online\/index.php?rest_route=\/wp\/v2\/users\/1"}],"replies":[{"embeddable":true,"href":"https:\/\/informativoelvalledeaguascalientes.online\/index.php?rest_route=%2Fwp%2Fv2%2Fcomments&post=31157"}],"version-history":[{"count":1,"href":"https:\/\/informativoelvalledeaguascalientes.online\/index.php?rest_route=\/wp\/v2\/posts\/31157\/revisions"}],"predecessor-version":[{"id":31161,"href":"https:\/\/informativoelvalledeaguascalientes.online\/index.php?rest_route=\/wp\/v2\/posts\/31157\/revisions\/31161"}],"wp:featuredmedia":[{"embeddable":true,"href":"https:\/\/informativoelvalledeaguascalientes.online\/index.php?rest_route=\/wp\/v2\/media\/31160"}],"wp:attachment":[{"href":"https:\/\/informativoelvalledeaguascalientes.online\/index.php?rest_route=%2Fwp%2Fv2%2Fmedia&parent=31157"}],"wp:term":[{"taxonomy":"category","embeddable":true,"href":"https:\/\/informativoelvalledeaguascalientes.online\/index.php?rest_route=%2Fwp%2Fv2%2Fcategories&post=31157"},{"taxonomy":"post_tag","embeddable":true,"href":"https:\/\/informativoelvalledeaguascalientes.online\/index.php?rest_route=%2Fwp%2Fv2%2Ftags&post=31157"}],"curies":[{"name":"wp","href":"https:\/\/api.w.org\/{rel}","templated":true}]}}