{"id":31155,"date":"2022-05-19T23:09:15","date_gmt":"2022-05-20T05:09:15","guid":{"rendered":"https:\/\/informativoelvalledeaguascalientes.online\/?p=31155"},"modified":"2022-05-19T23:09:15","modified_gmt":"2022-05-20T05:09:15","slug":"familias-separadas-por-la-frontera-volveran-a-encontrarse-tere-jimenez","status":"publish","type":"post","link":"https:\/\/informativoelvalledeaguascalientes.online\/?p=31155","title":{"rendered":"FAMILIAS SEPARADAS POR LA FRONTERA VOLVER\u00c1N A ENCONTRARSE: TERE JIM\u00c9NEZ"},"content":{"rendered":"<p><strong>#informativoelvalledeaguascalientes , #novaradioaguascalientes<\/strong><\/p>\n<p>\u2022 Con el programa \u201cReencontrando Corazones\u201d se planea reunir a hidroc\u00e1lidos con seres queridos que por d\u00e9cadas no han tenido la posibilidad de estar en el pa\u00eds<\/p>\n<p>\u2022 Se trabajar\u00e1 en la protecci\u00f3n de los derechos humanos de hermanos paisanos o migrantes que pasen por territorio estatal<\/p>\n<p>\u2022 La administraci\u00f3n de Tere Jim\u00e9nez ser\u00e1 una aliada de quienes est\u00e9n en busca de un mejor futuro y tengan que alejarse de sus familiares en Aguascalientes<\/p>\n<p>\u201cReencontrando Corazones\u201d es un proyecto que ha sido abrazado por habitantes de las comunidades para hacer real la posibilidad de acercarse a sus familiares que por a\u00f1os no han podido contactar y que viven en los Estados Unidos. Debido a la falta de documentaci\u00f3n, muchos parientes de aguascalentenses no han podido establecer contacto en persona, en algunos casos hasta por d\u00e9cadas.<\/p>\n<p>Siendo esta una sentida demanda de las comunidades, la candidata de la coalici\u00f3n \u201cVa Por Aguascalientes\u201d, Tere Jim\u00e9nez, dijo que su gesti\u00f3n trabajar\u00e1 junto a clubes de migrantes, con quienes ya ha tenido contacto en varias ocasiones para consolidar este proyecto. Ya en a\u00f1os anteriores, se ha logrado apoyar a familias para lograr su reencuentro.<\/p>\n<p>El objetivo es apoyar con los documentos y los tr\u00e1mites necesarios que permitan a las familias trasladarse al pa\u00eds vecino y reencontrarse con sus seres amados.<\/p>\n<p>Asimismo, Tere Jim\u00e9nez se\u00f1al\u00f3 que, considerando que la migraci\u00f3n es un fen\u00f3meno recurrente en la entidad, su gesti\u00f3n velar\u00e1 por los derechos humanos de los hermanos paisanos y migrantes que pasan por territorio estatal o que visitan Aguascalientes, y en este sentido anunci\u00f3 que se establecer\u00e1n unidades de apoyo para el tr\u00e1nsito seguro de los y las migrantes.<\/p>\n<p>Adem\u00e1s, se coordinar\u00e1n esfuerzos con el Instituto Nacional de Migraci\u00f3n (INM) para asesorar o apoyar a los migrantes que se encuentren en Aguascalientes y brindarles la orientaci\u00f3n que requieran.<\/p>\n<p>La candidata a la gubernatura se\u00f1al\u00f3 que estar lejos de la familia es duro para quienes salen del pa\u00eds en busca de mejores condiciones de vida, por lo que su gesti\u00f3n impulsar\u00e1 la generaci\u00f3n de fuentes de empleo, con el objeto de que en unos a\u00f1os esta posibilidad deje de ser la \u00fanica para aquellos que tienen que alejarse de sus comunidades buscando mejores oportunidades.<\/p>\n","protected":false},"excerpt":{"rendered":"<p>#informativoelvalledeaguascalientes , #novaradioaguascalientes \u2022 Con el programa \u201cReencontrando Corazones\u201d se planea reunir a hidroc\u00e1lidos con seres queridos que por d\u00e9cadas no han tenido la posibilidad de estar en el pa\u00eds \u2022 Se trabajar\u00e1 en la protecci\u00f3n de los derechos humanos de hermanos paisanos o migrantes que pasen por territorio estatal \u2022 La administraci\u00f3n de Tere [&hellip;]<\/p>\n","protected":false},"author":1,"featured_media":31158,"comment_status":"closed","ping_status":"open","sticky":false,"template":"","format":"standard","meta":{"advanced_seo_description":"","jetpack_seo_html_title":"","jetpack_seo_noindex":false,"_jetpack_memberships_contains_paid_content":false,"footnotes":"","jetpack_publicize_message":"","jetpack_publicize_feature_enabled":true,"jetpack_social_post_already_shared":true,"jetpack_social_options":{"image_generator_settings":{"template":"highway","default_image_id":0,"font":"","enabled":false},"version":2}},"categories":[21,7],"tags":[22,23,43,320],"class_list":["post-31155","post","type-post","status-publish","format-standard","has-post-thumbnail","hentry","category-aguascalientes","category-pan-aguascalientes","tag-aguascalientes","tag-pan-aguascalientes","tag-pan-aguascalientes-cde","tag-tere-jimenez"],"jetpack_publicize_connections":[],"jetpack_featured_media_url":"https:\/\/i0.wp.com\/informativoelvalledeaguascalientes.online\/wp-content\/uploads\/2022\/05\/6ddf58a7-1c95-463e-9d8c-ba4a12d15eb5-1.jpg?fit=1600%2C1066&ssl=1","jetpack-related-posts":[],"jetpack_sharing_enabled":true,"jetpack_likes_enabled":true,"_links":{"self":[{"href":"https:\/\/informativoelvalledeaguascalientes.online\/index.php?rest_route=\/wp\/v2\/posts\/31155","targetHints":{"allow":["GET"]}}],"collection":[{"href":"https:\/\/informativoelvalledeaguascalientes.online\/index.php?rest_route=\/wp\/v2\/posts"}],"about":[{"href":"https:\/\/informativoelvalledeaguascalientes.online\/index.php?rest_route=\/wp\/v2\/types\/post"}],"author":[{"embeddable":true,"href":"https:\/\/informativoelvalledeaguascalientes.online\/index.php?rest_route=\/wp\/v2\/users\/1"}],"replies":[{"embeddable":true,"href":"https:\/\/informativoelvalledeaguascalientes.online\/index.php?rest_route=%2Fwp%2Fv2%2Fcomments&post=31155"}],"version-history":[{"count":1,"href":"https:\/\/informativoelvalledeaguascalientes.online\/index.php?rest_route=\/wp\/v2\/posts\/31155\/revisions"}],"predecessor-version":[{"id":31159,"href":"https:\/\/informativoelvalledeaguascalientes.online\/index.php?rest_route=\/wp\/v2\/posts\/31155\/revisions\/31159"}],"wp:featuredmedia":[{"embeddable":true,"href":"https:\/\/informativoelvalledeaguascalientes.online\/index.php?rest_route=\/wp\/v2\/media\/31158"}],"wp:attachment":[{"href":"https:\/\/informativoelvalledeaguascalientes.online\/index.php?rest_route=%2Fwp%2Fv2%2Fmedia&parent=31155"}],"wp:term":[{"taxonomy":"category","embeddable":true,"href":"https:\/\/informativoelvalledeaguascalientes.online\/index.php?rest_route=%2Fwp%2Fv2%2Fcategories&post=31155"},{"taxonomy":"post_tag","embeddable":true,"href":"https:\/\/informativoelvalledeaguascalientes.online\/index.php?rest_route=%2Fwp%2Fv2%2Ftags&post=31155"}],"curies":[{"name":"wp","href":"https:\/\/api.w.org\/{rel}","templated":true}]}}