{"id":31143,"date":"2022-05-19T22:33:48","date_gmt":"2022-05-20T04:33:48","guid":{"rendered":"https:\/\/informativoelvalledeaguascalientes.online\/?p=31143"},"modified":"2022-05-19T22:33:48","modified_gmt":"2022-05-20T04:33:48","slug":"inauguran-primer-festival-via-de-la-universidad-de-las-artes","status":"publish","type":"post","link":"https:\/\/informativoelvalledeaguascalientes.online\/?p=31143","title":{"rendered":"INAUGURAN PRIMER FESTIVAL \u201cV\u00cdA\u201d DE LA UNIVERSIDAD DE LAS ARTES"},"content":{"rendered":"<p style=\"text-align: left;\" align=\"center\"><strong>#informativoelvalledeaguascalientes , #novaradioaguascalientes<\/strong><\/p>\n<p align=\"center\"><span style=\"font-family: arial, sans-serif;\">\u00a0<\/span><\/p>\n<p role=\"presentation\"><span style=\"font-family: arial, sans-serif;\">\u00b7<b><i>Se realizar\u00e1n m\u00e1s de 77 actividades del 19 al 22 de mayo en horario de 9:00 a 19:00 horas<\/i><\/b><\/span><\/p>\n<p role=\"presentation\"><span style=\"font-family: arial, sans-serif;\">\u00b7<b><i>Los eventos se llevan a cabo en las instalaciones de la Universidad de las Artes, la entrada es gratuita<\/i><\/b><\/span><\/p>\n<p><span style=\"font-family: arial, sans-serif;\">\u00a0<\/span><\/p>\n<p><span style=\"font-family: arial, sans-serif;\">La educaci\u00f3n y el arte son la v\u00eda para crear un mundo mejor, as\u00ed lo se\u00f1al\u00f3 Ulises Reyes Esparza, director general del Instituto de Educaci\u00f3n de Aguascalientes (IEA), al participar en la inauguraci\u00f3n del primer festival <i>V\u00eda <\/i>de la Universidad de las Artes, que se realizar\u00e1 del 19 al 22 de mayo en dicha instituci\u00f3n de educaci\u00f3n superior.<\/span><\/p>\n<p><span style=\"font-family: arial, sans-serif;\">De igual manera, hizo hincapi\u00e9 en la importancia de continuar fortaleciendo la formaci\u00f3n integral de las y los estudiantes; la expresi\u00f3n y las manifestaciones art\u00edsticas coadyuvan al desarrollo pleno del ser humano, pues en el arte se encuentran valores, aptitudes y disciplina, sostuvo.<\/span><\/p>\n<p><span style=\"font-family: arial, sans-serif;\">Por su parte, Carlos Reyes Sahag\u00fan, director general del Instituto Cultural de Aguascalientes (ICA), destac\u00f3 la vinculaci\u00f3n y trabajo conjunto entre instituciones y planteles de educaci\u00f3n media superior y superior a favor de la iniciaci\u00f3n art\u00edstica de las y los j\u00f3venes.<\/span><\/p>\n<p><span style=\"font-family: arial, sans-serif;\">Durante su mensaje, Juan V\u00e1zquez Gama, director de la Universidad de las Artes,\u00a0 inform\u00f3 que durante el festival se realizar\u00e1n m\u00e1s de 77 actividades que son la suma de trabajados y talentos de estudiantes y docentes de la instituci\u00f3n; entre ellas se encuentran conciertos, conversatorios, talleres, visitas guiadas, puestas en escena, exposiciones, lecturas colectivas, demostraciones art\u00edsticas y de acrobacia, as\u00ed como una feria vocacional, entre otras.<\/span><\/p>\n<p><span style=\"font-family: arial, sans-serif;\">De igual manera, precis\u00f3 que se realizar\u00e1 la <i>Muestra Interuniversitaria de Resonancias Art\u00edsticas (MIRA)<\/i> donde estudiantes y docentes de la Universidad Tecnol\u00f3gica de Aguascalientes (UTA), la Universidad Polit\u00e9cnica de Aguascalientes (UPA) y la Universidad Tecnol\u00f3gica del Norte de Aguascalientes (UTNA) presentar\u00e1n su producci\u00f3n en t\u00e9rminos de arte.<\/span><\/p>\n<p><span style=\"font-family: arial, sans-serif;\">Los eventos se llevan a cabo en las instalaciones de la Universidad de las Artes, con domicilio en Av. Manuel G\u00f3mez Mor\u00edn s\/n Antiguos Talleres de Ferrocarriles, Complejo Tres Centurias, la entrada es gratuita.<\/span><\/p>\n<p><span style=\"font-family: arial, sans-serif;\">Las personas que deseen conocer las actividades que se realizan como parte de este primer festival <i>V\u00eda<\/i>, pueden consultar y descargar el programa completo de la p\u00e1gina de internet y redes sociales del ICA y de la Universidad de las Artes.<\/span><\/p>\n","protected":false},"excerpt":{"rendered":"<p>#informativoelvalledeaguascalientes , #novaradioaguascalientes \u00a0 \u00b7Se realizar\u00e1n m\u00e1s de 77 actividades del 19 al 22 de mayo en horario de 9:00 a 19:00 horas \u00b7Los eventos se llevan a cabo en las instalaciones de la Universidad de las Artes, la entrada es gratuita \u00a0 La educaci\u00f3n y el arte son la v\u00eda para crear un mundo [&hellip;]<\/p>\n","protected":false},"author":1,"featured_media":31144,"comment_status":"closed","ping_status":"open","sticky":false,"template":"","format":"standard","meta":{"advanced_seo_description":"","jetpack_seo_html_title":"","jetpack_seo_noindex":false,"_jetpack_memberships_contains_paid_content":false,"footnotes":"","jetpack_publicize_message":"","jetpack_publicize_feature_enabled":true,"jetpack_social_post_already_shared":true,"jetpack_social_options":{"image_generator_settings":{"template":"highway","default_image_id":0,"font":"","enabled":false},"version":2}},"categories":[21,4],"tags":[22,39],"class_list":["post-31143","post","type-post","status-publish","format-standard","has-post-thumbnail","hentry","category-aguascalientes","category-gobierno-del-estado-aguascalientes","tag-aguascalientes","tag-iea"],"jetpack_publicize_connections":[],"jetpack_featured_media_url":"https:\/\/i0.wp.com\/informativoelvalledeaguascalientes.online\/wp-content\/uploads\/2022\/05\/IMG_0076.jpeg?fit=1280%2C853&ssl=1","jetpack-related-posts":[],"jetpack_sharing_enabled":true,"jetpack_likes_enabled":true,"_links":{"self":[{"href":"https:\/\/informativoelvalledeaguascalientes.online\/index.php?rest_route=\/wp\/v2\/posts\/31143","targetHints":{"allow":["GET"]}}],"collection":[{"href":"https:\/\/informativoelvalledeaguascalientes.online\/index.php?rest_route=\/wp\/v2\/posts"}],"about":[{"href":"https:\/\/informativoelvalledeaguascalientes.online\/index.php?rest_route=\/wp\/v2\/types\/post"}],"author":[{"embeddable":true,"href":"https:\/\/informativoelvalledeaguascalientes.online\/index.php?rest_route=\/wp\/v2\/users\/1"}],"replies":[{"embeddable":true,"href":"https:\/\/informativoelvalledeaguascalientes.online\/index.php?rest_route=%2Fwp%2Fv2%2Fcomments&post=31143"}],"version-history":[{"count":1,"href":"https:\/\/informativoelvalledeaguascalientes.online\/index.php?rest_route=\/wp\/v2\/posts\/31143\/revisions"}],"predecessor-version":[{"id":31145,"href":"https:\/\/informativoelvalledeaguascalientes.online\/index.php?rest_route=\/wp\/v2\/posts\/31143\/revisions\/31145"}],"wp:featuredmedia":[{"embeddable":true,"href":"https:\/\/informativoelvalledeaguascalientes.online\/index.php?rest_route=\/wp\/v2\/media\/31144"}],"wp:attachment":[{"href":"https:\/\/informativoelvalledeaguascalientes.online\/index.php?rest_route=%2Fwp%2Fv2%2Fmedia&parent=31143"}],"wp:term":[{"taxonomy":"category","embeddable":true,"href":"https:\/\/informativoelvalledeaguascalientes.online\/index.php?rest_route=%2Fwp%2Fv2%2Fcategories&post=31143"},{"taxonomy":"post_tag","embeddable":true,"href":"https:\/\/informativoelvalledeaguascalientes.online\/index.php?rest_route=%2Fwp%2Fv2%2Ftags&post=31143"}],"curies":[{"name":"wp","href":"https:\/\/api.w.org\/{rel}","templated":true}]}}