{"id":31142,"date":"2022-05-19T22:38:28","date_gmt":"2022-05-20T04:38:28","guid":{"rendered":"https:\/\/informativoelvalledeaguascalientes.online\/?p=31142"},"modified":"2022-05-19T22:38:28","modified_gmt":"2022-05-20T04:38:28","slug":"municipio-de-aguascalientes-convoca-a-participar-en-el-cabildo-infantil-y-juvenil","status":"publish","type":"post","link":"https:\/\/informativoelvalledeaguascalientes.online\/?p=31142","title":{"rendered":"MUNICIPIO DE AGUASCALIENTES CONVOCA A PARTICIPAR EN EL \u201cCABILDO INFANTIL Y JUVENIL\u201d"},"content":{"rendered":"<p><strong>#informativoelvalledeaguascalientes , #novaradioaguascalientes<\/strong><\/p>\n<ul>\n<li><strong>Pueden participar alumnos de secundaria y bachillerato, teniendo como l\u00edmite el 1 de junio\u00a0 a las 15:30 horas para inscribirse<\/strong><\/li>\n<\/ul>\n<p>El Municipio de Aguascalientes, a trav\u00e9s de la Secretar\u00eda de Desarrollo Social (SEDESOM)\u00a0 convoca a j\u00f3venes de secundaria y bachillerato a participar en el Programa \u201cCabildo Infantil y Juvenil\u201d, en donde por un d\u00eda podr\u00e1n desempe\u00f1arse como presidente municipal, s\u00edndicos, regidores y secretarios.<\/p>\n<p>La direcci\u00f3n de Educaci\u00f3n Municipal explica que este programa\u00a0 funciona como foro de construcci\u00f3n de ciudadan\u00eda, donde en esta ocasi\u00f3n se realizar\u00e1 la etapa juvenil en donde alumnos de secundaria y\u00a0 bachillerato en pleno ejercicio de sus derechos, opinar\u00e1n, analizar\u00e1n, deliberar\u00e1n, discutir\u00e1n y acordar\u00e1n en un \u00e1mbito de pluralidad y respeto temas de inter\u00e9s y pondr\u00e1n en pr\u00e1ctica reglas de convivencia democr\u00e1ticas dentro de su entorno.<\/p>\n<p>Se podr\u00e1n registrar las y los alumnos que cursen secundaria y primer a\u00f1o de bachillerato de planteles p\u00fablicos y privados. Se deber\u00e1 entregar un tema desarrollado en cinco cuartillas m\u00e1ximas, a doble espacio y con fuente Arial 14 en relaci\u00f3n con temas de inter\u00e9s social como bullying, adicciones, salud, educaci\u00f3n, medio ambiente, deporte,\u00a0 valores, etc.<\/p>\n<p>La selecci\u00f3n de alumnos que participar\u00e1n se realizar\u00e1 a trav\u00e9s de una convenci\u00f3n el 15 de junio y el 17 de junio se llevar\u00e1 a cabo la Sesi\u00f3n Solemne de Cabildo Juvenil, en donde adem\u00e1s durante ese d\u00eda los estudiantes convivir\u00e1n con sus hom\u00f3logos para conocer a detalle el trabajo que realizan como servidores p\u00fablicos.<\/p>\n<p>La inscripci\u00f3n se realizar\u00e1 en la direcci\u00f3n de Educaci\u00f3n del Municipio de Aguascalientes, ubicada en Juan de Montoro #124, zona Centro o pueden comunicarse al tel\u00e9fono \u00a0449 910 23 90, extensi\u00f3n 1044, de lunes a viernes, de 8:00 a 15:00 horas o en la U.R.S.E. a la que pertenezca la instituci\u00f3n educativa. La convocatoria estar\u00e1 vigente hasta el 1 de junio de 2022, a las 15:30 horas y puede consultarse en la p\u00e1gina\u00a0<a href=\"http:\/\/ags.gob.mx\/cabildo\/Cabildo_Infantil_Juvenil_2022.pdf\">http:\/\/ags.gob.mx\/cabildo\/Cabildo_Infantil_Juvenil_2022.pdf<\/a><\/p>\n<p><img data-recalc-dims=\"1\" loading=\"lazy\" decoding=\"async\" class=\"alignnone wp-image-31148 size-large\" src=\"https:\/\/i0.wp.com\/informativoelvalledeaguascalientes.online\/wp-content\/uploads\/2022\/05\/WhatsApp-Image-2022-05-13-at-3.09.33-PM-653x1024.jpeg?resize=640%2C1004\" alt=\"\" width=\"640\" height=\"1004\" srcset=\"https:\/\/i0.wp.com\/informativoelvalledeaguascalientes.online\/wp-content\/uploads\/2022\/05\/WhatsApp-Image-2022-05-13-at-3.09.33-PM.jpeg?resize=653%2C1024&amp;ssl=1 653w, https:\/\/i0.wp.com\/informativoelvalledeaguascalientes.online\/wp-content\/uploads\/2022\/05\/WhatsApp-Image-2022-05-13-at-3.09.33-PM.jpeg?resize=191%2C300&amp;ssl=1 191w, https:\/\/i0.wp.com\/informativoelvalledeaguascalientes.online\/wp-content\/uploads\/2022\/05\/WhatsApp-Image-2022-05-13-at-3.09.33-PM.jpeg?resize=768%2C1205&amp;ssl=1 768w, https:\/\/i0.wp.com\/informativoelvalledeaguascalientes.online\/wp-content\/uploads\/2022\/05\/WhatsApp-Image-2022-05-13-at-3.09.33-PM.jpeg?w=974&amp;ssl=1 974w\" sizes=\"auto, (max-width: 640px) 100vw, 640px\" \/><\/p>\n","protected":false},"excerpt":{"rendered":"<p>#informativoelvalledeaguascalientes , #novaradioaguascalientes Pueden participar alumnos de secundaria y bachillerato, teniendo como l\u00edmite el 1 de junio\u00a0 a las 15:30 horas para inscribirse El Municipio de Aguascalientes, a trav\u00e9s de la Secretar\u00eda de Desarrollo Social (SEDESOM)\u00a0 convoca a j\u00f3venes de secundaria y bachillerato a participar en el Programa \u201cCabildo Infantil y Juvenil\u201d, en donde por [&hellip;]<\/p>\n","protected":false},"author":1,"featured_media":31146,"comment_status":"closed","ping_status":"open","sticky":false,"template":"","format":"standard","meta":{"advanced_seo_description":"","jetpack_seo_html_title":"","jetpack_seo_noindex":false,"_jetpack_memberships_contains_paid_content":false,"footnotes":"","jetpack_publicize_message":"","jetpack_publicize_feature_enabled":true,"jetpack_social_post_already_shared":true,"jetpack_social_options":{"image_generator_settings":{"template":"highway","default_image_id":0,"font":"","enabled":false},"version":2}},"categories":[21,3],"tags":[22,25,286],"class_list":["post-31142","post","type-post","status-publish","format-standard","has-post-thumbnail","hentry","category-aguascalientes","category-municipio-aguascalientes","tag-aguascalientes","tag-mpio-aguascalientes","tag-mpio-aguascalientes-sedesom"],"jetpack_publicize_connections":[],"jetpack_featured_media_url":"https:\/\/i0.wp.com\/informativoelvalledeaguascalientes.online\/wp-content\/uploads\/2022\/05\/DSC_2247-scaled-1.jpg?fit=2560%2C1707&ssl=1","jetpack-related-posts":[],"jetpack_sharing_enabled":true,"jetpack_likes_enabled":true,"_links":{"self":[{"href":"https:\/\/informativoelvalledeaguascalientes.online\/index.php?rest_route=\/wp\/v2\/posts\/31142","targetHints":{"allow":["GET"]}}],"collection":[{"href":"https:\/\/informativoelvalledeaguascalientes.online\/index.php?rest_route=\/wp\/v2\/posts"}],"about":[{"href":"https:\/\/informativoelvalledeaguascalientes.online\/index.php?rest_route=\/wp\/v2\/types\/post"}],"author":[{"embeddable":true,"href":"https:\/\/informativoelvalledeaguascalientes.online\/index.php?rest_route=\/wp\/v2\/users\/1"}],"replies":[{"embeddable":true,"href":"https:\/\/informativoelvalledeaguascalientes.online\/index.php?rest_route=%2Fwp%2Fv2%2Fcomments&post=31142"}],"version-history":[{"count":1,"href":"https:\/\/informativoelvalledeaguascalientes.online\/index.php?rest_route=\/wp\/v2\/posts\/31142\/revisions"}],"predecessor-version":[{"id":31149,"href":"https:\/\/informativoelvalledeaguascalientes.online\/index.php?rest_route=\/wp\/v2\/posts\/31142\/revisions\/31149"}],"wp:featuredmedia":[{"embeddable":true,"href":"https:\/\/informativoelvalledeaguascalientes.online\/index.php?rest_route=\/wp\/v2\/media\/31146"}],"wp:attachment":[{"href":"https:\/\/informativoelvalledeaguascalientes.online\/index.php?rest_route=%2Fwp%2Fv2%2Fmedia&parent=31142"}],"wp:term":[{"taxonomy":"category","embeddable":true,"href":"https:\/\/informativoelvalledeaguascalientes.online\/index.php?rest_route=%2Fwp%2Fv2%2Fcategories&post=31142"},{"taxonomy":"post_tag","embeddable":true,"href":"https:\/\/informativoelvalledeaguascalientes.online\/index.php?rest_route=%2Fwp%2Fv2%2Ftags&post=31142"}],"curies":[{"name":"wp","href":"https:\/\/api.w.org\/{rel}","templated":true}]}}