{"id":31130,"date":"2022-05-19T21:38:04","date_gmt":"2022-05-20T03:38:04","guid":{"rendered":"https:\/\/informativoelvalledeaguascalientes.online\/?p=31130"},"modified":"2022-05-19T21:38:04","modified_gmt":"2022-05-20T03:38:04","slug":"fortalecimiento-y-coordinacion-permanente-para-conservar-la-seguridad-publica-en-el-estado","status":"publish","type":"post","link":"https:\/\/informativoelvalledeaguascalientes.online\/?p=31130","title":{"rendered":"FORTALECIMIENTO Y COORDINACI\u00d3N PERMANENTE PARA CONSERVAR LA SEGURIDAD P\u00daBLICA EN EL ESTADO"},"content":{"rendered":"<p style=\"font-weight: 400;\"><strong>#informativoelvalledeaguascalientes , #novaradioaguascalientes<\/strong><\/p>\n<p style=\"font-weight: 400;\">\n<ul>\n<li style=\"font-weight: 400;\"><strong><em>Gabinete de Seguridad por la Paz acuerda redoblar vigilancia en puntos espec\u00edficos de Calvillo, propuestos por empresarios de aquella demarcaci\u00f3n<\/em><\/strong><\/li>\n<li style=\"font-weight: 400;\"><strong><em>Indispensable trabajar en la restauraci\u00f3n del tejido social, abatir la adicciones y reforzar programas en beneficio de la salud mental<\/em><\/strong><\/li>\n<\/ul>\n<p style=\"font-weight: 400;\"><strong><em>\u00a0<\/em><\/strong><\/p>\n<p style=\"font-weight: 400;\">Desde el inicio de la presente administraci\u00f3n estatal, la seguridad p\u00fablica ha sido uno de los ejes prioritarios de la agenda gubernamental, y as\u00ed se mantendr\u00e1 hasta el \u00faltimo d\u00eda, por lo que la estrategia, acciones y operativos en esta materia se fortalecen permanentemente, junto con la coordinaci\u00f3n entre los tres \u00f3rdenes de gobierno, para conservar las condiciones de paz y tranquilidad que ha gozado la entidad, as\u00ed lo refiri\u00f3 el secretario general de Gobierno, Juan Manuel Flores Femat.<\/p>\n<p style=\"font-weight: 400;\">\n<p style=\"font-weight: 400;\">Durante la reuni\u00f3n del Gabinete de Seguridad por la Paz, realizada en Calvillo con la presencia del alcalde de dicho municipio, Daniel Romo Urrutia, y a la que fueron invitados empresarios y l\u00edderes sociales de aquella demarcaci\u00f3n, las autoridades federales, estatales y municipales, acordaron redoblar la vigilancia de algunos puntos concretos propuestos por ellos, principalmente los que colindan con municipios o comunidades de otros estados.<\/p>\n<p style=\"font-weight: 400;\">\n<p style=\"font-weight: 400;\">Flores Femat resalt\u00f3 que es indispensable que la ciudadan\u00eda y las autoridades trabajen de manera conjunta en la restauraci\u00f3n del tejido social, y en ello, la colaboraci\u00f3n de los padres de familia resulta fundamental, principalmente en el abatimiento de las adicciones de sustancias ilegales, al ser una de las principales causas que generan inestabilidad social e incentivan la inseguridad.<\/p>\n<p style=\"font-weight: 400;\">\n<p style=\"font-weight: 400;\">Agreg\u00f3 que el tema de salud mental ha sido considerado como parte de la estrategia general de seguridad, por lo que la administraci\u00f3n estatal reforzar\u00e1 sus programas de este tipo, toda vez que la salud mental incide no solo en el bienestar emocional y psicol\u00f3gico de las personas, tambi\u00e9n influye en el espectro social.<\/p>\n<p style=\"font-weight: 400;\">\n<p style=\"font-weight: 400;\">En esta sesi\u00f3n del Gabinete de Seguridad por la Paz tambi\u00e9n participaron el secretario de Seguridad P\u00fablica del Estado, Jon\u00e1s Ch\u00e1vez Mar\u00edn; el General de Brigada D.E.M., Rub\u00e9n Barraza Rodr\u00edguez, Comandante de la 14a Zona Militar; el vicefiscal de Investigaci\u00f3n de la Fiscal\u00eda General del Estado, Juan Antonio Zerme\u00f1o; entre otras autoridades.<\/p>\n","protected":false},"excerpt":{"rendered":"<p>#informativoelvalledeaguascalientes , #novaradioaguascalientes Gabinete de Seguridad por la Paz acuerda redoblar vigilancia en puntos espec\u00edficos de Calvillo, propuestos por empresarios de aquella demarcaci\u00f3n Indispensable trabajar en la restauraci\u00f3n del tejido social, abatir la adicciones y reforzar programas en beneficio de la salud mental \u00a0 Desde el inicio de la presente administraci\u00f3n estatal, la seguridad p\u00fablica [&hellip;]<\/p>\n","protected":false},"author":1,"featured_media":31131,"comment_status":"closed","ping_status":"open","sticky":false,"template":"","format":"standard","meta":{"advanced_seo_description":"","jetpack_seo_html_title":"","jetpack_seo_noindex":false,"_jetpack_memberships_contains_paid_content":false,"footnotes":"","jetpack_publicize_message":"","jetpack_publicize_feature_enabled":true,"jetpack_social_post_already_shared":true,"jetpack_social_options":{"image_generator_settings":{"template":"highway","default_image_id":0,"font":"","enabled":false},"version":2}},"categories":[21,4],"tags":[22,51],"class_list":["post-31130","post","type-post","status-publish","format-standard","has-post-thumbnail","hentry","category-aguascalientes","category-gobierno-del-estado-aguascalientes","tag-aguascalientes","tag-seggob"],"jetpack_publicize_connections":[],"jetpack_featured_media_url":"https:\/\/i0.wp.com\/informativoelvalledeaguascalientes.online\/wp-content\/uploads\/2022\/05\/WhatsApp-Image-2022-05-19-at-2.06.58-PM.jpeg?fit=1280%2C835&ssl=1","jetpack-related-posts":[],"jetpack_sharing_enabled":true,"jetpack_likes_enabled":true,"_links":{"self":[{"href":"https:\/\/informativoelvalledeaguascalientes.online\/index.php?rest_route=\/wp\/v2\/posts\/31130","targetHints":{"allow":["GET"]}}],"collection":[{"href":"https:\/\/informativoelvalledeaguascalientes.online\/index.php?rest_route=\/wp\/v2\/posts"}],"about":[{"href":"https:\/\/informativoelvalledeaguascalientes.online\/index.php?rest_route=\/wp\/v2\/types\/post"}],"author":[{"embeddable":true,"href":"https:\/\/informativoelvalledeaguascalientes.online\/index.php?rest_route=\/wp\/v2\/users\/1"}],"replies":[{"embeddable":true,"href":"https:\/\/informativoelvalledeaguascalientes.online\/index.php?rest_route=%2Fwp%2Fv2%2Fcomments&post=31130"}],"version-history":[{"count":1,"href":"https:\/\/informativoelvalledeaguascalientes.online\/index.php?rest_route=\/wp\/v2\/posts\/31130\/revisions"}],"predecessor-version":[{"id":31133,"href":"https:\/\/informativoelvalledeaguascalientes.online\/index.php?rest_route=\/wp\/v2\/posts\/31130\/revisions\/31133"}],"wp:featuredmedia":[{"embeddable":true,"href":"https:\/\/informativoelvalledeaguascalientes.online\/index.php?rest_route=\/wp\/v2\/media\/31131"}],"wp:attachment":[{"href":"https:\/\/informativoelvalledeaguascalientes.online\/index.php?rest_route=%2Fwp%2Fv2%2Fmedia&parent=31130"}],"wp:term":[{"taxonomy":"category","embeddable":true,"href":"https:\/\/informativoelvalledeaguascalientes.online\/index.php?rest_route=%2Fwp%2Fv2%2Fcategories&post=31130"},{"taxonomy":"post_tag","embeddable":true,"href":"https:\/\/informativoelvalledeaguascalientes.online\/index.php?rest_route=%2Fwp%2Fv2%2Ftags&post=31130"}],"curies":[{"name":"wp","href":"https:\/\/api.w.org\/{rel}","templated":true}]}}