{"id":31123,"date":"2022-05-19T21:33:25","date_gmt":"2022-05-20T03:33:25","guid":{"rendered":"https:\/\/informativoelvalledeaguascalientes.online\/?p=31123"},"modified":"2022-05-19T21:33:25","modified_gmt":"2022-05-20T03:33:25","slug":"ratifica-denuncia-martha-marquez-ante-fiscalia-electoral-en-su-lucha-anticorrupcion","status":"publish","type":"post","link":"https:\/\/informativoelvalledeaguascalientes.online\/?p=31123","title":{"rendered":"Ratifica denuncia Martha M\u00e1rquez ante Fiscal\u00eda Electoral en su lucha anticorrupci\u00f3n"},"content":{"rendered":"<p><strong>#informativoelvalledeaguascalientes , #novaradioaguascalientes<\/strong><\/p>\n<p>\u2022 Martha M\u00e1rquez hizo pausa en su campa\u00f1a con la ciudadan\u00eda, para acudir a la Fiscal\u00eda Especializada Electoral a ratificar la denuncia presentada previamente ante la Fiscal\u00eda General del Estado por amenazas<\/p>\n<p>Martha M\u00e1rquez hizo pausa en su campa\u00f1a con la ciudadan\u00eda, para acudir a la Fiscal\u00eda Especializada Electoral a ratificar la denuncia presentada previamente ante la Fiscal\u00eda General del Estado por amenazas en su contra, derivado de la serie de actos intimidatorios que se han ejercido por su lucha anticorrupci\u00f3n por el caso de las luminarias y paneles fotovoltaico a sobre precio por la pasada administraci\u00f3n municipal de Aguascalientes.<\/p>\n<p>La candidata de la Coalici\u00f3n Juntos Hacemos Historia en Aguascalientes del Partido del Trabajo y del Partido Verde record\u00f3 que en octubre pasado present\u00f3 una denuncia formal para que se investigue y castigue a todas y todos los involucrados en la compra de luminarias a sobreprecio, as\u00ed como el endeudamiento por paneles fotovoltaicos del Ayuntamiento por 30 a\u00f1os.<\/p>\n<p>Manifest\u00f3 que mientras ella sigue visitando a las familias, la candidata del PRI, PAN y PRD est\u00e1 enfocada en intentar hacerla a un lado de la contienda desde el inicio de la campa\u00f1a sin \u00e9xito alguno, al desecharse cinco denuncias por diversas causas, en la que la Sala Superior le dio la raz\u00f3n a Martha M\u00e1rquez.<\/p>\n<p>Pese a que la Sala Superior del Tribunal Electoral del Poder Judicial de la Federaci\u00f3n sostuvo que Martha M\u00e1rquez no cometi\u00f3 violencia pol\u00edtica de g\u00e9nero e instruy\u00f3 a la Fiscal\u00eda Especializada Electoral a desistirse de seguir este asunto, la candidata del PRI, PAN y PRD present\u00f3 una nueva denuncia en su contra.<\/p>\n<p>Martha M\u00e1rquez se\u00f1al\u00f3 que al insistir en denunciarla sin \u00e9xito, se busca frenarla en su campa\u00f1a as\u00ed como tratar de ocultar la b\u00fasqueda de la verdad sobre el caso de las luminarias y paneles fotovoltaicos que representa un da\u00f1o a los impuestos de la ciudadan\u00eda por 28 mil millones de pesos, sin estar en operaci\u00f3n estos \u00faltimos.<\/p>\n","protected":false},"excerpt":{"rendered":"<p>#informativoelvalledeaguascalientes , #novaradioaguascalientes \u2022 Martha M\u00e1rquez hizo pausa en su campa\u00f1a con la ciudadan\u00eda, para acudir a la Fiscal\u00eda Especializada Electoral a ratificar la denuncia presentada previamente ante la Fiscal\u00eda General del Estado por amenazas Martha M\u00e1rquez hizo pausa en su campa\u00f1a con la ciudadan\u00eda, para acudir a la Fiscal\u00eda Especializada Electoral a ratificar la [&hellip;]<\/p>\n","protected":false},"author":1,"featured_media":31128,"comment_status":"closed","ping_status":"open","sticky":false,"template":"","format":"standard","meta":{"advanced_seo_description":"","jetpack_seo_html_title":"","jetpack_seo_noindex":false,"_jetpack_memberships_contains_paid_content":false,"footnotes":"","jetpack_publicize_message":"","jetpack_publicize_feature_enabled":true,"jetpack_social_post_already_shared":true,"jetpack_social_options":{"image_generator_settings":{"template":"highway","default_image_id":0,"font":"","enabled":false},"version":2}},"categories":[21,10,135],"tags":[22,41,447,68],"class_list":["post-31123","post","type-post","status-publish","format-standard","has-post-thumbnail","hentry","category-aguascalientes","category-pt-aguascalientes","category-pvem-aguascalientes","tag-aguascalientes","tag-martha-marquez","tag-pt-aguascalientes","tag-pvem-aguascalientes"],"jetpack_publicize_connections":[],"jetpack_featured_media_url":"https:\/\/i0.wp.com\/informativoelvalledeaguascalientes.online\/wp-content\/uploads\/2022\/05\/25c661e1-b7b6-4694-9daa-ad33daf889ae-1.jpg?fit=1067%2C1600&ssl=1","jetpack-related-posts":[],"jetpack_sharing_enabled":true,"jetpack_likes_enabled":true,"_links":{"self":[{"href":"https:\/\/informativoelvalledeaguascalientes.online\/index.php?rest_route=\/wp\/v2\/posts\/31123","targetHints":{"allow":["GET"]}}],"collection":[{"href":"https:\/\/informativoelvalledeaguascalientes.online\/index.php?rest_route=\/wp\/v2\/posts"}],"about":[{"href":"https:\/\/informativoelvalledeaguascalientes.online\/index.php?rest_route=\/wp\/v2\/types\/post"}],"author":[{"embeddable":true,"href":"https:\/\/informativoelvalledeaguascalientes.online\/index.php?rest_route=\/wp\/v2\/users\/1"}],"replies":[{"embeddable":true,"href":"https:\/\/informativoelvalledeaguascalientes.online\/index.php?rest_route=%2Fwp%2Fv2%2Fcomments&post=31123"}],"version-history":[{"count":1,"href":"https:\/\/informativoelvalledeaguascalientes.online\/index.php?rest_route=\/wp\/v2\/posts\/31123\/revisions"}],"predecessor-version":[{"id":31129,"href":"https:\/\/informativoelvalledeaguascalientes.online\/index.php?rest_route=\/wp\/v2\/posts\/31123\/revisions\/31129"}],"wp:featuredmedia":[{"embeddable":true,"href":"https:\/\/informativoelvalledeaguascalientes.online\/index.php?rest_route=\/wp\/v2\/media\/31128"}],"wp:attachment":[{"href":"https:\/\/informativoelvalledeaguascalientes.online\/index.php?rest_route=%2Fwp%2Fv2%2Fmedia&parent=31123"}],"wp:term":[{"taxonomy":"category","embeddable":true,"href":"https:\/\/informativoelvalledeaguascalientes.online\/index.php?rest_route=%2Fwp%2Fv2%2Fcategories&post=31123"},{"taxonomy":"post_tag","embeddable":true,"href":"https:\/\/informativoelvalledeaguascalientes.online\/index.php?rest_route=%2Fwp%2Fv2%2Ftags&post=31123"}],"curies":[{"name":"wp","href":"https:\/\/api.w.org\/{rel}","templated":true}]}}