{"id":3110,"date":"2020-02-18T15:42:46","date_gmt":"2020-02-18T21:42:46","guid":{"rendered":"https:\/\/informativoelvalledeaguascalientes.online\/?p=3110"},"modified":"2020-02-18T15:42:46","modified_gmt":"2020-02-18T21:42:46","slug":"busca-ine-ags-impulsar-politicas-publicas-a-favor-de-infantes-y-adolescentes","status":"publish","type":"post","link":"https:\/\/informativoelvalledeaguascalientes.online\/?p=3110","title":{"rendered":"Busca INE Ags. impulsar pol\u00edticas p\u00fablicas a favor de infantes y adolescentes"},"content":{"rendered":"<p class=\"m_-8591326056355660188MsoListParagraphCxSpFirst\"><u><\/u><span lang=\"ES\">\u00b7\u00a0\u00a0\u00a0\u00a0\u00a0\u00a0\u00a0\u00a0\u00a0<\/span><u><\/u><b><i><span lang=\"ES\">En la entidad se prepara la aplicaci\u00f3n de la Agenda de las ni\u00f1as, ni\u00f1os y adolescentes, la cual contiene propuestas de acciones y pol\u00edticas en favor de este sector de la poblaci\u00f3n.<u><\/u><u><\/u><\/span><\/i><\/b><\/p>\n<p class=\"m_-8591326056355660188MsoListParagraphCxSpLast\"><b><i><span lang=\"ES\"><u><\/u>\u00a0<u><\/u><\/span><\/i><\/b><\/p>\n<p>En el marco de la entrega de los resultados de la \u201cConsulta Infantil y Juvenil 2018\u201d, el vocal ejecutivo de la Junta Local, Ignacio Ruelas Olvera present\u00f3 a los medios de comunicaci\u00f3n la integraci\u00f3n de la \u201cAgenda de las ni\u00f1as, ni\u00f1os y adolescentes de Aguascalientes\u201d, la cual contiene las propuestas de acciones y pol\u00edticas en favor de los menores de edad.<u><\/u><u><\/u><\/p>\n<p><u><\/u>\u00a0<u><\/u><\/p>\n<p>Ruelas Olvera, se\u00f1al\u00f3 que la Agenda es el resultado del diagn\u00f3stico estatal de la problem\u00e1tica expresada en la Consulta, analizada y procesada por expertos en la materia.<u><\/u><u><\/u><\/p>\n<p><u><\/u>\u00a0<u><\/u><\/p>\n<p>\u201cSe trata de un diagn\u00f3stico, pero tambi\u00e9n constituye un instrumento para continuar trabajando en favor de este sector de la poblaci\u00f3n, generando pol\u00edticas p\u00fablicas que den atenci\u00f3n a sus demandas. Para esta tarea contamos con el apoyo de diversas instituciones como la Secretar\u00eda General de Gobierno de Estado; el\u00a0Sistema de Protecci\u00f3n Integral de Ni\u00f1as, Ni\u00f1os y Adolescentes, la Comisi\u00f3n de Derechos Humanos; el Sistema Integral para el Desarrollo de la Familia, el Instituto de Educaci\u00f3n de Aguascalientes y el Instituto Estatal Electoral\u201d.<u><\/u><u><\/u><\/p>\n<p><u><\/u>\u00a0<u><\/u><\/p>\n<p>Despu\u00e9s de recabar la opini\u00f3n de m\u00e1s de 90 mil ni\u00f1as, ni\u00f1os y adolescentes en la Consulta 2018, el an\u00e1lisis y procesamiento de la informaci\u00f3n para obtener las inferencias y los trabajos de las mesas tem\u00e1ticas con diversos especialistas y participantes, fueron identificados cuatro problemas sociales enfocados en Aguascalientes: violencia, deserci\u00f3n escolar de adolescentes, discriminaci\u00f3n por representaci\u00f3n de g\u00e9nero y uso indiscriminado del tiempo frente a un dispositivo m\u00f3vil e internet.<u><\/u><u><\/u><\/p>\n<p><u><\/u>\u00a0<u><\/u><\/p>\n<p>Ante esta problem\u00e1tica, la Agenda est\u00e1 encaminada a intervenir a trav\u00e9s de 12 l\u00edneas de acci\u00f3n interinstitucionales para prevenir la violencia y la discriminaci\u00f3n; mecanismos para erradicar los estereotipos de g\u00e9nero; implementaci\u00f3n de talleres de apoyo para padres, madres y menores con el objeto de fortalecer la uni\u00f3n y evitar el maltrato. Tambi\u00e9n se propone integrar protocolos para atender casos de violencia.<u><\/u><u><\/u><\/p>\n<p><u><\/u>\u00a0<u><\/u><\/p>\n<p>Finalmente, Ruelas Olvera dijo que el documento ya se entreg\u00f3 a todas las instituciones y aliados estrat\u00e9gicos y posteriormente se har\u00e1 del conocimiento de las y los legisladores y de los responsables de instrumentar las pol\u00edticas p\u00fablicas del Estado vinculadas con el desarrollo de la infancia y la juventud.<\/p>\n","protected":false},"excerpt":{"rendered":"<p>\u00b7\u00a0\u00a0\u00a0\u00a0\u00a0\u00a0\u00a0\u00a0\u00a0En la entidad se prepara la aplicaci\u00f3n de la Agenda de las ni\u00f1as, ni\u00f1os y adolescentes, la cual contiene propuestas de acciones y pol\u00edticas en favor de este sector de la poblaci\u00f3n. \u00a0 En el marco de la entrega de los resultados de la \u201cConsulta Infantil y Juvenil 2018\u201d, el vocal ejecutivo de la Junta [&hellip;]<\/p>\n","protected":false},"author":1,"featured_media":3111,"comment_status":"closed","ping_status":"open","sticky":false,"template":"","format":"standard","meta":{"advanced_seo_description":"","jetpack_seo_html_title":"","jetpack_seo_noindex":false,"_jetpack_memberships_contains_paid_content":false,"footnotes":"","jetpack_publicize_message":"","jetpack_publicize_feature_enabled":true,"jetpack_social_post_already_shared":true,"jetpack_social_options":{"image_generator_settings":{"template":"highway","default_image_id":0,"font":"","enabled":false},"version":2}},"categories":[21,19,6],"tags":[],"class_list":["post-3110","post","type-post","status-publish","format-standard","has-post-thumbnail","hentry","category-aguascalientes","category-informacion-general","category-partidos-politicos"],"jetpack_publicize_connections":[],"jetpack_featured_media_url":"https:\/\/i0.wp.com\/informativoelvalledeaguascalientes.online\/wp-content\/uploads\/2020\/02\/ine_ags_18022020.jpg?fit=873%2C582&ssl=1","jetpack-related-posts":[],"jetpack_sharing_enabled":true,"jetpack_likes_enabled":true,"_links":{"self":[{"href":"https:\/\/informativoelvalledeaguascalientes.online\/index.php?rest_route=\/wp\/v2\/posts\/3110","targetHints":{"allow":["GET"]}}],"collection":[{"href":"https:\/\/informativoelvalledeaguascalientes.online\/index.php?rest_route=\/wp\/v2\/posts"}],"about":[{"href":"https:\/\/informativoelvalledeaguascalientes.online\/index.php?rest_route=\/wp\/v2\/types\/post"}],"author":[{"embeddable":true,"href":"https:\/\/informativoelvalledeaguascalientes.online\/index.php?rest_route=\/wp\/v2\/users\/1"}],"replies":[{"embeddable":true,"href":"https:\/\/informativoelvalledeaguascalientes.online\/index.php?rest_route=%2Fwp%2Fv2%2Fcomments&post=3110"}],"version-history":[{"count":1,"href":"https:\/\/informativoelvalledeaguascalientes.online\/index.php?rest_route=\/wp\/v2\/posts\/3110\/revisions"}],"predecessor-version":[{"id":3112,"href":"https:\/\/informativoelvalledeaguascalientes.online\/index.php?rest_route=\/wp\/v2\/posts\/3110\/revisions\/3112"}],"wp:featuredmedia":[{"embeddable":true,"href":"https:\/\/informativoelvalledeaguascalientes.online\/index.php?rest_route=\/wp\/v2\/media\/3111"}],"wp:attachment":[{"href":"https:\/\/informativoelvalledeaguascalientes.online\/index.php?rest_route=%2Fwp%2Fv2%2Fmedia&parent=3110"}],"wp:term":[{"taxonomy":"category","embeddable":true,"href":"https:\/\/informativoelvalledeaguascalientes.online\/index.php?rest_route=%2Fwp%2Fv2%2Fcategories&post=3110"},{"taxonomy":"post_tag","embeddable":true,"href":"https:\/\/informativoelvalledeaguascalientes.online\/index.php?rest_route=%2Fwp%2Fv2%2Ftags&post=3110"}],"curies":[{"name":"wp","href":"https:\/\/api.w.org\/{rel}","templated":true}]}}